{"id":65217,"date":"2016-03-16T18:51:11","date_gmt":"2016-03-16T16:51:11","guid":{"rendered":"http:\/\/sana.sy\/tr\/?p=65217"},"modified":"2016-03-18T12:07:52","modified_gmt":"2016-03-18T10:07:52","slug":"toner-abd-suriyenin-toprak-butunlugunu-destekliyor","status":"publish","type":"post","link":"https:\/\/archive.sana.sy\/tr\/?p=65217","title":{"rendered":"Toner: ABD Suriye&#8217;nin Toprak B\u00fct\u00fcnl\u00fc\u011f\u00fcn\u00fc Destekliyor"},"content":{"rendered":"<p>WASH\u0130NGTON \u2013 ABD D\u0131\u015fi\u015fleri Bakanl\u0131\u011f\u0131 resmi s\u00f6zc\u00fcs\u00fc Mark Toner \u00fclkesinin Suriye&#8217;nin toprak b\u00fct\u00fcnl\u00fc\u011f\u00fcn\u00fc destekledi\u011fini ve Suriye&#8217;de herhangi bir \u00f6zerk y\u00f6netim ya da yar\u0131 ba\u011f\u0131ms\u0131z b\u00f6r b\u00f6lgeyi tan\u0131mayaca\u011f\u0131n\u0131 belirtti.<\/p>\n<p>Toner bug\u00fcn yapt\u0131\u011f\u0131 bas\u0131n a\u00e7\u0131klamalar\u0131nda Suriye&#8217;de K\u00fcrt meselesini tart\u0131\u015fman\u0131n ileriki s\u00fcre\u00e7te bizzat Suriyeliler aras\u0131nda tart\u0131\u015f\u0131l\u0131p kararla\u015ft\u0131r\u0131laca\u011f\u0131n\u0131n alt\u0131n\u0131 \u00e7izerken Suriye&#8217;de herhangi bir K\u00fcrt \u00f6zerk y\u00f6netiminin ABD taraf\u0131ndan onaylanmayaca\u011f\u0131n\u0131 belirtti.<\/p>\n","protected":false},"excerpt":{"rendered":"<p>WASH\u0130NGTON \u2013 ABD D\u0131\u015fi\u015fleri Bakanl\u0131\u011f\u0131 resmi s\u00f6zc\u00fcs\u00fc Mark Toner \u00fclkesinin Suriye&#8217;nin toprak b\u00fct\u00fcnl\u00fc\u011f\u00fcn\u00fc destekledi\u011fini ve Suriye&#8217;de herhangi bir \u00f6zerk y\u00f6netim ya da yar\u0131 ba\u011f\u0131ms\u0131z b\u00f6r b\u00f6lgeyi tan\u0131mayaca\u011f\u0131n\u0131 belirtti. Toner bug\u00fcn yapt\u0131\u011f\u0131 bas\u0131n a\u00e7\u0131klamalar\u0131nda Suriye&#8217;de K\u00fcrt meselesini tart\u0131\u015fman\u0131n ileriki s\u00fcre\u00e7te bizzat Suriyeliler aras\u0131nda tart\u0131\u015f\u0131l\u0131p kararla\u015ft\u0131r\u0131laca\u011f\u0131n\u0131n alt\u0131n\u0131 \u00e7izerken Suriye&#8217;de herhangi bir K\u00fcrt \u00f6zerk y\u00f6netiminin ABD taraf\u0131ndan onaylanmayaca\u011f\u0131n\u0131 &hellip;<\/p>\n","protected":false},"author":1,"featured_media":65219,"comment_status":"closed","ping_status":"closed","sticky":false,"template":"","format":"standard","meta":{"footnotes":""},"categories":[458,459,17988],"tags":[19601,19899,19898,19897,19896],"class_list":["post-65217","post","type-post","status-publish","format-standard","has-post-thumbnail","","category-dunya1","category-haberler-arap-uluslararasi-politika","category-son-haberler","tag-abd-disisleri-bakanligi","tag-mark-toner","tag-suriyede-kurt-yonetimi","tag-suriyeli-kurtler","tag-toner-abd-suriyenin-toprak-butunlugunu-destekliyor"],"_links":{"self":[{"href":"https:\/\/archive.sana.sy\/tr\/index.php?rest_route=\/wp\/v2\/posts\/65217","targetHints":{"allow":["GET"]}}],"collection":[{"href":"https:\/\/archive.sana.sy\/tr\/index.php?rest_route=\/wp\/v2\/posts"}],"about":[{"href":"https:\/\/archive.sana.sy\/tr\/index.php?rest_route=\/wp\/v2\/types\/post"}],"author":[{"embeddable":true,"href":"https:\/\/archive.sana.sy\/tr\/index.php?rest_route=\/wp\/v2\/users\/1"}],"replies":[{"embeddable":true,"href":"https:\/\/archive.sana.sy\/tr\/index.php?rest_route=%2Fwp%2Fv2%2Fcomments&post=65217"}],"version-history":[{"count":0,"href":"https:\/\/archive.sana.sy\/tr\/index.php?rest_route=\/wp\/v2\/posts\/65217\/revisions"}],"wp:featuredmedia":[{"embeddable":true,"href":"https:\/\/archive.sana.sy\/tr\/index.php?rest_route=\/wp\/v2\/media\/65219"}],"wp:attachment":[{"href":"https:\/\/archive.sana.sy\/tr\/index.php?rest_route=%2Fwp%2Fv2%2Fmedia&parent=65217"}],"wp:term":[{"taxonomy":"category","embeddable":true,"href":"https:\/\/archive.sana.sy\/tr\/index.php?rest_route=%2Fwp%2Fv2%2Fcategories&post=65217"},{"taxonomy":"post_tag","embeddable":true,"href":"https:\/\/archive.sana.sy\/tr\/index.php?rest_route=%2Fwp%2Fv2%2Ftags&post=65217"}],"curies":[{"name":"wp","href":"https:\/\/api.w.org\/{rel}","templated":true}]}}