{"id":65223,"date":"2016-03-17T12:10:31","date_gmt":"2016-03-17T10:10:31","guid":{"rendered":"http:\/\/sana.sy\/tr\/?p=65223"},"modified":"2016-03-17T12:15:53","modified_gmt":"2016-03-17T10:15:53","slug":"rusya-baskanlik-sarayi-kremlinin-sozcusu-dmitry-peskov-suriyede-yonetim-sistemi-konusunda-karar-hakkina-sahip-yegane-tarafin-suriye-halki-oldugunu-belirtti","status":"publish","type":"post","link":"https:\/\/archive.sana.sy\/tr\/?p=65223","title":{"rendered":"Rusya Ba\u015fkanl\u0131k Saray\u0131 Kremlinin s\u00f6zc\u00fcs\u00fc Dmitry Peskov Suriye&#8217;de y\u00f6netim sistemi konusunda karar hakk\u0131na sahip yegane taraf\u0131n Suriye halk\u0131 oldu\u011funu belirtti"},"content":{"rendered":"<p>Rusya Ba\u015fkanl\u0131k Saray\u0131 Kremlinin s\u00f6zc\u00fcs\u00fc Dmitry Peskov Suriye&#8217;de y\u00f6netim sistemi konusunda karar hakk\u0131na sahip yegane taraf\u0131n Suriye halk\u0131 oldu\u011funu belirtti<\/p>\n","protected":false},"excerpt":{"rendered":"<p>Rusya Ba\u015fkanl\u0131k Saray\u0131 Kremlinin s\u00f6zc\u00fcs\u00fc Dmitry Peskov Suriye&#8217;de y\u00f6netim sistemi konusunda karar hakk\u0131na sahip yegane taraf\u0131n Suriye halk\u0131 oldu\u011funu belirtti<\/p>\n","protected":false},"author":1,"featured_media":0,"comment_status":"closed","ping_status":"closed","sticky":false,"template":"","format":"standard","meta":{"footnotes":""},"categories":[17991],"tags":[],"class_list":["post-65223","post","type-post","status-publish","format-standard","","category-son-dakika"],"_links":{"self":[{"href":"https:\/\/archive.sana.sy\/tr\/index.php?rest_route=\/wp\/v2\/posts\/65223","targetHints":{"allow":["GET"]}}],"collection":[{"href":"https:\/\/archive.sana.sy\/tr\/index.php?rest_route=\/wp\/v2\/posts"}],"about":[{"href":"https:\/\/archive.sana.sy\/tr\/index.php?rest_route=\/wp\/v2\/types\/post"}],"author":[{"embeddable":true,"href":"https:\/\/archive.sana.sy\/tr\/index.php?rest_route=\/wp\/v2\/users\/1"}],"replies":[{"embeddable":true,"href":"https:\/\/archive.sana.sy\/tr\/index.php?rest_route=%2Fwp%2Fv2%2Fcomments&post=65223"}],"version-history":[{"count":0,"href":"https:\/\/archive.sana.sy\/tr\/index.php?rest_route=\/wp\/v2\/posts\/65223\/revisions"}],"wp:attachment":[{"href":"https:\/\/archive.sana.sy\/tr\/index.php?rest_route=%2Fwp%2Fv2%2Fmedia&parent=65223"}],"wp:term":[{"taxonomy":"category","embeddable":true,"href":"https:\/\/archive.sana.sy\/tr\/index.php?rest_route=%2Fwp%2Fv2%2Fcategories&post=65223"},{"taxonomy":"post_tag","embeddable":true,"href":"https:\/\/archive.sana.sy\/tr\/index.php?rest_route=%2Fwp%2Fv2%2Ftags&post=65223"}],"curies":[{"name":"wp","href":"https:\/\/api.w.org\/{rel}","templated":true}]}}