{"id":6524,"date":"2014-08-05T11:35:54","date_gmt":"2014-08-05T08:35:54","guid":{"rendered":"http:\/\/www.sana.sy\/tr\/?p=6524"},"modified":"2014-08-05T11:44:42","modified_gmt":"2014-08-05T08:44:42","slug":"mikdat-iran-ve-venezuella-disisleri-bakanlari-ile-bir-araya-geldi","status":"publish","type":"post","link":"https:\/\/archive.sana.sy\/tr\/?p=6524","title":{"rendered":"Mikdat, \u0130ran ve Venez\u00fcella D\u0131\u015fi\u015fleri Bakanlar\u0131 \u0130le Bir Araya Geldi"},"content":{"rendered":"<p>TAHRAN &#8211; D\u0131\u015fi\u015fleri ve Gurbet\u00e7iler Bakan\u0131 Yard\u0131mc\u0131s\u0131 Faysal Mikdat Ba\u011flant\u0131s\u0131z \u00dclkeler Filistin Komitesi Bakanlar Kurulu toplant\u0131s\u0131 yan g\u00f6r\u00fc\u015fmeleri \u00e7er\u00e7evesinde \u0130ran D\u0131\u015fi\u015fleri Bakan\u0131 Muhammed Cevat Zarif ile bir araya geli\u015finde, \u0130ran y\u00f6netiminin Ba\u011flant\u0131s\u0131z \u00dclkelerinin Filistin halk\u0131na y\u00f6nelik \u0130srail sald\u0131r\u0131lar\u0131yla m\u00fccadelede tutumlar\u0131n\u0131 birle\u015ftirmek i\u00e7in s\u00f6z konusu toplant\u0131n\u0131n b\u00fcy\u00fck bir ba\u015far\u0131 sa\u011flad\u0131\u011f\u0131n\u0131 s\u00f6yledi.<\/p>\n<p>Mikdat, Suriye Arap H\u00fck\u00fcmetinin ter\u00f6re y\u00f6nelik sava\u015f\u0131nda Suriye\u2019yi destekleyen tutumlar\u0131ndan dolay\u0131 \u015f\u00fckranlar\u0131n\u0131 sunarak muhtelif alanlarda her iki \u00fclkeyi birbirine ba\u011flayan stratejik ili\u015fkilerin derinli\u011fini belirtti.<\/p>\n<p>Kendi y\u00f6n\u00fcnden Zarif, Suriye\u2019nin evrensel ter\u00f6re kar\u015f\u0131 dimdik ayakta durmas\u0131n\u0131n takdire \u015fayan oldu\u011funu belirterek ter\u00f6r\u00fcn b\u00fct\u00fcn b\u00f6lge d\u0131\u015f\u0131na uzanmas\u0131ndan uyard\u0131.<\/p>\n<p>Zarif ayr\u0131ca, \u00fclkesinin ter\u00f6re kar\u015f\u0131 sava\u015f\u0131nda Suriye ile \u0130ran ve Suriye\u2019nin Gazze Kesiminde Filistin halk\u0131na y\u00f6nelik i\u015fgalci \u0130srail sald\u0131r\u0131lar\u0131na kar\u015f\u0131 koymadaki tutumlar\u0131n\u0131 peki\u015ftirmeye devam edeceklerini vurgulad\u0131.<\/p>\n<p><a href=\"http:\/\/www.sana.sy\/tr\/wp-content\/uploads\/2014\/08\/Mikdat-ve-Hava.jpg\"><img loading=\"lazy\" decoding=\"async\" class=\"alignright wp-image-6526 size-medium\" src=\"http:\/\/www.sana.sy\/tr\/wp-content\/uploads\/2014\/08\/Mikdat-ve-Hava-300x201.jpg\" alt=\"Mikdat ve Hava\" width=\"300\" height=\"201\" srcset=\"https:\/\/archive.sana.sy\/tr\/wp-content\/uploads\/2014\/08\/Mikdat-ve-Hava-300x201.jpg 300w, https:\/\/archive.sana.sy\/tr\/wp-content\/uploads\/2014\/08\/Mikdat-ve-Hava-150x100.jpg 150w, https:\/\/archive.sana.sy\/tr\/wp-content\/uploads\/2014\/08\/Mikdat-ve-Hava.jpg 400w\" sizes=\"auto, (max-width: 300px) 100vw, 300px\" \/><\/a>\u00d6te yandan Mikdat, Venez\u00fcella D\u0131\u015fi\u015fleri Bakan\u0131 \u0130lyas Havva ile g\u00f6r\u00fc\u015fmesinde, iki dost \u00fclke ve halk aras\u0131ndaki ili\u015fkilerin derinli\u011fi ve Cumhurba\u015fkan\u0131 Be\u015f\u015far Esad\u2019\u0131n 2010 y\u0131l\u0131nda Venez\u00fcella\u2019y\u0131 ziyareti s\u0131ras\u0131nda imzalanan anla\u015fmalar\u0131n uygulanmas\u0131 \u00f6nemini belirtti.<\/p>\n<p>Her iki taraf ayr\u0131ca, Suriye veya Venez\u00fcella\u2019da olsun ter\u00f6r ve destekleyicilerine kar\u015f\u0131 durmaya olan ba\u011fl\u0131l\u0131klar\u0131n\u0131 ifade ederek Amerikan ve bat\u0131 komplolara kar\u015f\u0131 her iki dost \u00fclkenin tutum birli\u011fini ifade ettiler.<\/p>\n<p>G\u00f6r\u00fc\u015fmeye Suriye\u2019nin Tahran B\u00fcy\u00fckel\u00e7isi Adnan Mahmut da kat\u0131ld\u0131.<\/p>\n","protected":false},"excerpt":{"rendered":"<p>TAHRAN &#8211; D\u0131\u015fi\u015fleri ve Gurbet\u00e7iler Bakan\u0131 Yard\u0131mc\u0131s\u0131 Faysal Mikdat Ba\u011flant\u0131s\u0131z \u00dclkeler Filistin Komitesi Bakanlar Kurulu toplant\u0131s\u0131 yan g\u00f6r\u00fc\u015fmeleri \u00e7er\u00e7evesinde \u0130ran D\u0131\u015fi\u015fleri Bakan\u0131 Muhammed Cevat Zarif ile bir araya geli\u015finde, \u0130ran y\u00f6netiminin Ba\u011flant\u0131s\u0131z \u00dclkelerinin Filistin halk\u0131na y\u00f6nelik \u0130srail sald\u0131r\u0131lar\u0131yla m\u00fccadelede tutumlar\u0131n\u0131 birle\u015ftirmek i\u00e7in s\u00f6z konusu toplant\u0131n\u0131n b\u00fcy\u00fck bir ba\u015far\u0131 sa\u011flad\u0131\u011f\u0131n\u0131 s\u00f6yledi. Mikdat, Suriye Arap H\u00fck\u00fcmetinin ter\u00f6re &hellip;<\/p>\n","protected":false},"author":1,"featured_media":6530,"comment_status":"closed","ping_status":"closed","sticky":false,"template":"","format":"standard","meta":{"footnotes":""},"categories":[458,459,447],"tags":[1454,1453],"class_list":["post-6524","post","type-post","status-publish","format-standard","has-post-thumbnail","","category-dunya1","category-haberler-arap-uluslararasi-politika","category-politika","tag-iran-ve-venezuella-disisleri-bakanlari-ile-bir-araya-geldi","tag-mikdat"],"_links":{"self":[{"href":"https:\/\/archive.sana.sy\/tr\/index.php?rest_route=\/wp\/v2\/posts\/6524","targetHints":{"allow":["GET"]}}],"collection":[{"href":"https:\/\/archive.sana.sy\/tr\/index.php?rest_route=\/wp\/v2\/posts"}],"about":[{"href":"https:\/\/archive.sana.sy\/tr\/index.php?rest_route=\/wp\/v2\/types\/post"}],"author":[{"embeddable":true,"href":"https:\/\/archive.sana.sy\/tr\/index.php?rest_route=\/wp\/v2\/users\/1"}],"replies":[{"embeddable":true,"href":"https:\/\/archive.sana.sy\/tr\/index.php?rest_route=%2Fwp%2Fv2%2Fcomments&post=6524"}],"version-history":[{"count":0,"href":"https:\/\/archive.sana.sy\/tr\/index.php?rest_route=\/wp\/v2\/posts\/6524\/revisions"}],"wp:featuredmedia":[{"embeddable":true,"href":"https:\/\/archive.sana.sy\/tr\/index.php?rest_route=\/wp\/v2\/media\/6530"}],"wp:attachment":[{"href":"https:\/\/archive.sana.sy\/tr\/index.php?rest_route=%2Fwp%2Fv2%2Fmedia&parent=6524"}],"wp:term":[{"taxonomy":"category","embeddable":true,"href":"https:\/\/archive.sana.sy\/tr\/index.php?rest_route=%2Fwp%2Fv2%2Fcategories&post=6524"},{"taxonomy":"post_tag","embeddable":true,"href":"https:\/\/archive.sana.sy\/tr\/index.php?rest_route=%2Fwp%2Fv2%2Ftags&post=6524"}],"curies":[{"name":"wp","href":"https:\/\/api.w.org\/{rel}","templated":true}]}}