{"id":65253,"date":"2016-03-17T13:10:17","date_gmt":"2016-03-17T11:10:17","guid":{"rendered":"http:\/\/sana.sy\/tr\/?p=65253"},"modified":"2016-03-18T12:09:04","modified_gmt":"2016-03-18T10:09:04","slug":"planlarimizi-daha-onceden-bilen-el-esad-ile-anlastik","status":"publish","type":"post","link":"https:\/\/archive.sana.sy\/tr\/?p=65253","title":{"rendered":"Planlar\u0131m\u0131z\u0131 Daha \u00d6nceden Bilen el Esad ile Anla\u015ft\u0131k"},"content":{"rendered":"<p>MOSKOVA \u2013 Rusya Ba\u015fkan\u0131 Vladimir Putin Suriye&#8217;de ter\u00f6re kar\u015f\u0131 operasyonlara kat\u0131lan Rus askerleri onurland\u0131rma t\u00f6reninde yapt\u0131\u011f\u0131 konu\u015fmada, Rus hava g\u00fc\u00e7lerinin Suriye&#8217;de bulunduklar\u0131 operasyonlar\u0131n g\u00fczel ve etkili oldu\u011funu belirtti.<\/p>\n<p>Rusya Ba\u015fkan\u0131 Putin Rus hava g\u00fc\u00e7lerinin Suriye&#8217;de ter\u00f6re kar\u015f\u0131 operasyonlar\u0131n\u0131 Suriye h\u00fck\u00fcmetinin me\u015fru talebi \u00fczerine geldi\u011fine i\u015faret ederken, Rusya&#8217;n\u0131n hedefinin Suriye ordusunun ter\u00f6r \u00f6rg\u00fctlere kar\u015f\u0131 me\u015fru m\u00fccadelesini desteklemek oldu\u011funun alt\u0131n\u0131 \u00e7izdi.<\/p>\n<p>Rusya&#8217;n\u0131n Suriye&#8217;de I\u015e\u0130D, Nusra Cephesi ve BMGK\u2019nin uluslararas\u0131 ter\u00f6r \u00f6rg\u00fctleri listesinde yer alan di\u011fer ter\u00f6ristlere kar\u015f\u0131 operasyonlar\u0131n\u0131 azimle s\u00fcrd\u00fcrece\u011fini belirten Putin; bunun Rusya&#8217;n\u0131n ilkeli tutumunun bir par\u00e7as\u0131 oldu\u011funu s\u00f6yledi.<\/p>\n<p>Putin Suriye&#8217;de \u00e7at\u0131\u015fmalar\u0131 durdurma anla\u015fmas\u0131n\u0131n hayata ge\u00e7irilmesi ard\u0131ndan Rus g\u00fc\u00e7lerin operasyonlar\u0131n\u0131n azald\u0131\u011f\u0131n\u0131 ifade eden Putin; Rusya&#8217;n\u0131n planlar\u0131n\u0131 daha \u00f6nceden bilen ve destekleyen Cumhurba\u015fkan\u0131 Be\u015f\u015far el Esad ile tam bir anla\u015fman\u0131n bulundu\u011funu vurgulad\u0131.<\/p>\n<p>Rusya&#8217;n\u0131n ter\u00f6rle m\u00fccadelede Suriye h\u00fck\u00fcmetine deste\u011fini s\u00fcrd\u00fcrece\u011fini belirten Putin; Suriye h\u00fck\u00fcmetine te\u00e7hizat ve cephane temininin yan\u0131 s\u0131ra askeri e\u011fitim vermeye devam edece\u011fini belirtti. Putin Rusya&#8217;n\u0131n Suriye h\u00fck\u00fcmetine istihbarat deste\u011fini de s\u00fcrd\u00fcrece\u011fini ifade ederken, Suriye&#8217;de kalan Rus g\u00fc\u00e7ler arac\u0131l\u0131\u011f\u0131 ile askeri g\u00f6revlerde de direk yard\u0131mlarda bulunaca\u011f\u0131n\u0131n alt\u0131n\u0131 \u00e7izdi. Suriye&#8217;de bulunan S-400 ve pantsir hava savunma sistemlerinin sava\u015f g\u00f6revlerini s\u00fcrd\u00fcreceklerini belirten Putin; Rusya&#8217;n\u0131n Suriye&#8217;de bulunan t\u00fcm hava savunma sistemlerini kendisine y\u00f6nelik tehdit olarak g\u00f6rece\u011fi istisnas\u0131z her hedefe kar\u015f\u0131 kullanaca\u011f\u0131n\u0131 vurgulad\u0131.<\/p>\n<p>Rusya Ba\u015fkan\u0131 Putin kim olursa olsun hi\u00e7 kimsenin Suriye&#8217;nin hava sahas\u0131n\u0131 ihlal etme hakk\u0131na sahip olmad\u0131\u011f\u0131n\u0131 belirtti.<\/p>\n<p>Suriye&#8217;de \u00e7at\u0131\u015fmalar\u0131 durdurma anla\u015fmas\u0131n\u0131 ihlal eden gruplar\u0131n otomatikman bu anla\u015fmaya kat\u0131lanlar\u0131n listesinden \u00e7\u0131kar\u0131lacaklar\u0131n\u0131 ifade eden Putin, anla\u015fmaya ba\u011fl\u0131 kalmayan gruplar\u0131n operasyonlarda hedef al\u0131nabileceklerine i\u015faret etti<\/p>\n<p>Rusya Ba\u015fkan\u0131 Putin Cumhurba\u015fkan\u0131 el Esad\u2019\u0131n diyalog ve bar\u0131\u015f\u00e7\u0131l se\u00e7ene\u011fe ili\u015fkin tutumunu \u00f6verken, bunun takdire \u015fayan oldu\u011funu belirtti.<\/p>\n","protected":false},"excerpt":{"rendered":"<p>MOSKOVA \u2013 Rusya Ba\u015fkan\u0131 Vladimir Putin Suriye&#8217;de ter\u00f6re kar\u015f\u0131 operasyonlara kat\u0131lan Rus askerleri onurland\u0131rma t\u00f6reninde yapt\u0131\u011f\u0131 konu\u015fmada, Rus hava g\u00fc\u00e7lerinin Suriye&#8217;de bulunduklar\u0131 operasyonlar\u0131n g\u00fczel ve etkili oldu\u011funu belirtti. Rusya Ba\u015fkan\u0131 Putin Rus hava g\u00fc\u00e7lerinin Suriye&#8217;de ter\u00f6re kar\u015f\u0131 operasyonlar\u0131n\u0131 Suriye h\u00fck\u00fcmetinin me\u015fru talebi \u00fczerine geldi\u011fine i\u015faret ederken, Rusya&#8217;n\u0131n hedefinin Suriye ordusunun ter\u00f6r \u00f6rg\u00fctlere kar\u015f\u0131 me\u015fru m\u00fccadelesini &hellip;<\/p>\n","protected":false},"author":1,"featured_media":65254,"comment_status":"closed","ping_status":"closed","sticky":false,"template":"","format":"standard","meta":{"footnotes":""},"categories":[458,459,17988],"tags":[19901,18850,16744],"class_list":["post-65253","post","type-post","status-publish","format-standard","has-post-thumbnail","","category-dunya1","category-haberler-arap-uluslararasi-politika","category-son-haberler","tag-planlarimizi-daha-onceden-bilen-el-esad-ile-anlastik","tag-rusya-baskani","tag-vladimir-putin"],"_links":{"self":[{"href":"https:\/\/archive.sana.sy\/tr\/index.php?rest_route=\/wp\/v2\/posts\/65253","targetHints":{"allow":["GET"]}}],"collection":[{"href":"https:\/\/archive.sana.sy\/tr\/index.php?rest_route=\/wp\/v2\/posts"}],"about":[{"href":"https:\/\/archive.sana.sy\/tr\/index.php?rest_route=\/wp\/v2\/types\/post"}],"author":[{"embeddable":true,"href":"https:\/\/archive.sana.sy\/tr\/index.php?rest_route=\/wp\/v2\/users\/1"}],"replies":[{"embeddable":true,"href":"https:\/\/archive.sana.sy\/tr\/index.php?rest_route=%2Fwp%2Fv2%2Fcomments&post=65253"}],"version-history":[{"count":0,"href":"https:\/\/archive.sana.sy\/tr\/index.php?rest_route=\/wp\/v2\/posts\/65253\/revisions"}],"wp:featuredmedia":[{"embeddable":true,"href":"https:\/\/archive.sana.sy\/tr\/index.php?rest_route=\/wp\/v2\/media\/65254"}],"wp:attachment":[{"href":"https:\/\/archive.sana.sy\/tr\/index.php?rest_route=%2Fwp%2Fv2%2Fmedia&parent=65253"}],"wp:term":[{"taxonomy":"category","embeddable":true,"href":"https:\/\/archive.sana.sy\/tr\/index.php?rest_route=%2Fwp%2Fv2%2Fcategories&post=65253"},{"taxonomy":"post_tag","embeddable":true,"href":"https:\/\/archive.sana.sy\/tr\/index.php?rest_route=%2Fwp%2Fv2%2Ftags&post=65253"}],"curies":[{"name":"wp","href":"https:\/\/api.w.org\/{rel}","templated":true}]}}