{"id":65276,"date":"2016-03-17T09:16:45","date_gmt":"2016-03-17T07:16:45","guid":{"rendered":"http:\/\/sana.sy\/tr\/?p=65276"},"modified":"2016-03-17T14:49:52","modified_gmt":"2016-03-17T12:49:52","slug":"almanya-ankara-buyukelciligini-kapatti","status":"publish","type":"post","link":"https:\/\/archive.sana.sy\/tr\/?p=65276","title":{"rendered":"Almanya Ankara B\u00fcy\u00fckel\u00e7ili\u011fini Kapatt\u0131"},"content":{"rendered":"<p>BERL\u0130N \u2013 Almanya D\u0131\u015fi\u015fleri Bakanl\u0131\u011f\u0131, Ankara\u2019daki b\u00fcy\u00fckel\u00e7ilik, \u0130stanbul&#8217;daki ba\u015fkonsolosluk ve Alman Lisesi&#8217;nin g\u00fcvenlik endi\u015fesi nedeniyle kapat\u0131ld\u0131\u011f\u0131n\u0131 a\u00e7\u0131klad\u0131.<\/p>\n<p>Reuters&#8217;ta yer alan habere g\u00f6re, Almanya D\u0131\u015fi\u015fleri Bakanl\u0131\u011f\u0131&#8217;ndan yap\u0131lan a\u00e7\u0131klamada Ankara b\u00fcy\u00fckel\u00e7ili\u011finin olas\u0131 sald\u0131r\u0131 tehditleri nedeniyle kapat\u0131ld\u0131\u011f\u0131 duyuruldu. \u0130stanbul&#8217;daki Almanya Ba\u015fkonsoloslu\u011fu ve Alman Lisesi&#8217;nin de kapat\u0131ld\u0131\u011f\u0131n\u0131n do\u011fruland\u0131\u011f\u0131 a\u00e7\u0131klamada, Alman Lisesi&#8217;nin &#8216;teyidedilmemi\u015f bir uyar\u0131&#8217; ger\u00e7ek\u00e7esiyle kapat\u0131ld\u0131\u011f\u0131 belirtildi.<\/p>\n<p>Reuters&#8217;ta yer alan habere g\u00f6re, Almanya D\u0131\u015fi\u015fleri Bakanl\u0131\u011f\u0131&#8217;ndan yap\u0131lan a\u00e7\u0131klamada Ankara b\u00fcy\u00fckel\u00e7ili\u011finin olas\u0131 sald\u0131r\u0131 tehditleri nedeniyle kapat\u0131ld\u0131\u011f\u0131 duyuruldu. \u0130stanbul&#8217;daki Almanya Ba\u015fkonsoloslu\u011fu ve Alman Lisesi&#8217;nin de kapat\u0131ld\u0131\u011f\u0131n\u0131n do\u011fruland\u0131\u011f\u0131 a\u00e7\u0131klamada, Alman Lisesi&#8217;nin &#8216;teyidedilmemi\u015f bir uyar\u0131&#8217; ger\u00e7ek\u00e7esiyle kapat\u0131ld\u0131\u011f\u0131 belirtildi.<\/p>\n<p>T\u00fcrkiyeli ve d\u00fcnya genelinde siyasi uzmanlar\u0131n g\u00f6r\u00fc\u015f\u00fcnde T\u00fcrkiye&#8217;nin tan\u0131k oldu\u011fu gerginlik ve g\u00fcvenlik tehditlerinin, Recep Tayyip Erdo\u011fan ve rejiminin Suriye&#8217;de ter\u00f6r\u00fc desteklemesi ve T\u00fcrkiye&#8217;yi uluslar aras\u0131 az\u0131l\u0131 ter\u00f6ristler i\u00e7in g\u00fcvenli bar\u0131nak ve ge\u00e7it haline d\u00f6n\u00fc\u015ft\u00fcrmesi neticesinde geldi\u011finin alt\u0131n\u0131 \u00e7iziyor.<\/p>\n","protected":false},"excerpt":{"rendered":"<p>BERL\u0130N \u2013 Almanya D\u0131\u015fi\u015fleri Bakanl\u0131\u011f\u0131, Ankara\u2019daki b\u00fcy\u00fckel\u00e7ilik, \u0130stanbul&#8217;daki ba\u015fkonsolosluk ve Alman Lisesi&#8217;nin g\u00fcvenlik endi\u015fesi nedeniyle kapat\u0131ld\u0131\u011f\u0131n\u0131 a\u00e7\u0131klad\u0131. Reuters&#8217;ta yer alan habere g\u00f6re, Almanya D\u0131\u015fi\u015fleri Bakanl\u0131\u011f\u0131&#8217;ndan yap\u0131lan a\u00e7\u0131klamada Ankara b\u00fcy\u00fckel\u00e7ili\u011finin olas\u0131 sald\u0131r\u0131 tehditleri nedeniyle kapat\u0131ld\u0131\u011f\u0131 duyuruldu. \u0130stanbul&#8217;daki Almanya Ba\u015fkonsoloslu\u011fu ve Alman Lisesi&#8217;nin de kapat\u0131ld\u0131\u011f\u0131n\u0131n do\u011fruland\u0131\u011f\u0131 a\u00e7\u0131klamada, Alman Lisesi&#8217;nin &#8216;teyidedilmemi\u015f bir uyar\u0131&#8217; ger\u00e7ek\u00e7esiyle kapat\u0131ld\u0131\u011f\u0131 belirtildi. Reuters&#8217;ta yer &hellip;<\/p>\n","protected":false},"author":1,"featured_media":65280,"comment_status":"closed","ping_status":"closed","sticky":false,"template":"","format":"standard","meta":{"footnotes":""},"categories":[458,459,17988],"tags":[19905,19906],"class_list":["post-65276","post","type-post","status-publish","format-standard","has-post-thumbnail","","category-dunya1","category-haberler-arap-uluslararasi-politika","category-son-haberler","tag-almanya-ankara-buyukelciligini-kapatti","tag-erdoganin-terore-destegi"],"_links":{"self":[{"href":"https:\/\/archive.sana.sy\/tr\/index.php?rest_route=\/wp\/v2\/posts\/65276","targetHints":{"allow":["GET"]}}],"collection":[{"href":"https:\/\/archive.sana.sy\/tr\/index.php?rest_route=\/wp\/v2\/posts"}],"about":[{"href":"https:\/\/archive.sana.sy\/tr\/index.php?rest_route=\/wp\/v2\/types\/post"}],"author":[{"embeddable":true,"href":"https:\/\/archive.sana.sy\/tr\/index.php?rest_route=\/wp\/v2\/users\/1"}],"replies":[{"embeddable":true,"href":"https:\/\/archive.sana.sy\/tr\/index.php?rest_route=%2Fwp%2Fv2%2Fcomments&post=65276"}],"version-history":[{"count":0,"href":"https:\/\/archive.sana.sy\/tr\/index.php?rest_route=\/wp\/v2\/posts\/65276\/revisions"}],"wp:featuredmedia":[{"embeddable":true,"href":"https:\/\/archive.sana.sy\/tr\/index.php?rest_route=\/wp\/v2\/media\/65280"}],"wp:attachment":[{"href":"https:\/\/archive.sana.sy\/tr\/index.php?rest_route=%2Fwp%2Fv2%2Fmedia&parent=65276"}],"wp:term":[{"taxonomy":"category","embeddable":true,"href":"https:\/\/archive.sana.sy\/tr\/index.php?rest_route=%2Fwp%2Fv2%2Fcategories&post=65276"},{"taxonomy":"post_tag","embeddable":true,"href":"https:\/\/archive.sana.sy\/tr\/index.php?rest_route=%2Fwp%2Fv2%2Ftags&post=65276"}],"curies":[{"name":"wp","href":"https:\/\/api.w.org\/{rel}","templated":true}]}}