{"id":65283,"date":"2016-03-17T14:15:55","date_gmt":"2016-03-17T12:15:55","guid":{"rendered":"http:\/\/sana.sy\/tr\/?p=65283"},"modified":"2016-03-18T12:08:53","modified_gmt":"2016-03-18T10:08:53","slug":"rusya-bundan-dolayi-kurtlerin-katilimina-israr-ediyor","status":"publish","type":"post","link":"https:\/\/archive.sana.sy\/tr\/?p=65283","title":{"rendered":"Rusya Bundan Dolay\u0131 K\u00fcrtlerin Kat\u0131l\u0131m\u0131na Israr Ediyor"},"content":{"rendered":"<p>MOSKOVA \u2013 Rusya Ba\u015fkanl\u0131k Saray\u0131 Kremlinin resmi s\u00f6zc\u00fcs\u00fc Dmitry Peskov Rusya&#8217;n\u0131n, Suriye&#8217;nin toprak ve halk b\u00fct\u00fcnl\u00fc\u011f\u00fcn\u00fcn korunmas\u0131na b\u00fcy\u00fck \u00f6zen g\u00f6sterdi\u011fini bir kez daha ifade ederken Suriye&#8217;de y\u00f6netim ve i\u00e7 meselelerde karar sahibi tek taraf\u0131n Suriye halk\u0131 oldu\u011funun da bir kez daha alt\u0131n\u0131 \u00e7izdi.<\/p>\n<p>Peskov bug\u00fcn yapt\u0131\u011f\u0131 bas\u0131n a\u00e7\u0131klamalar\u0131nda; Rusya a\u00e7\u0131s\u0131ndan Suriye&#8217;nin tek bir devlet olarak kalmas\u0131n\u0131n ciddi bir \u00f6nem ta\u015f\u0131d\u0131\u011f\u0131n\u0131, fakat devletin i\u00e7 \u015feklinin ise tamamen Suriyelilerin meselesi oldu\u011funu s\u00f6yledi. Suriye&#8217;de i\u00e7 y\u00f6netimin kapsaml\u0131 bir s\u00fcrece ihtiyac\u0131 oldu\u011funu s\u00f6yleyen Peskov; bu s\u00fcrece de Suriye halk\u0131n\u0131n istisnas\u0131z t\u00fcm bile\u015fenleri ve kesimlerinin kat\u0131lmas\u0131 gerekti\u011fini ifade etti.<\/p>\n<p>Suriyeli bir k\u0131s\u0131m K\u00fcrtlerin baz\u0131 b\u00f6lgelerde bulunduklar\u0131 faaliyetler konusunda ise Peskov; Rusya&#8217;n\u0131n bizzat bu nedenden dolay\u0131 Suriyeli K\u00fcrtlerin Cenevre g\u00f6r\u00fc\u015fmelerinde temsil edilmeleri gere\u011finde \u0131srar etti\u011fine dikkat \u00e7ekti.<\/p>\n<p><span style=\"color: #0000ff\">Suriyeli K\u00fcrtler Tek Ba\u015flar\u0131na Karar Veremezler<\/span><\/p>\n<p>Di\u011fer yandan\u00a0Rusya D\u0131\u015fi\u015fleri Bakan\u0131 Yard\u0131mc\u0131s\u0131 Mikhail Bogdanov; Suriyeli bir k\u0131s\u0131m K\u00fcrtlerin Suriye&#8217;de tek ba\u015flar\u0131na federal yap\u0131 kurmalar\u0131n\u0131n m\u00fcmk\u00fcn olmad\u0131\u011f\u0131n\u0131 vurgularken, bunun Cenevre&#8217;de Suriyeliler aras\u0131nda yap\u0131lan diyalog g\u00f6r\u00fc\u015fmeleri \u00e7er\u00e7evesinde tart\u0131\u015f\u0131lmas\u0131 gerekti\u011finin alt\u0131n\u0131 \u00e7izdi.<\/p>\n<p>Bogdanov t\u00fcm Suriyelilerin Cenevre&#8217;de \u00e7at\u0131\u015fmalar\u0131 durdurma, ter\u00f6rle m\u00fccadele, y\u00f6netim ve anayasa meselelerini birlikte tart\u0131\u015f\u0131p ortak bir karara varmalar\u0131 \u00f6nemine dikkat \u00e7ekti.<\/p>\n","protected":false},"excerpt":{"rendered":"<p>MOSKOVA \u2013 Rusya Ba\u015fkanl\u0131k Saray\u0131 Kremlinin resmi s\u00f6zc\u00fcs\u00fc Dmitry Peskov Rusya&#8217;n\u0131n, Suriye&#8217;nin toprak ve halk b\u00fct\u00fcnl\u00fc\u011f\u00fcn\u00fcn korunmas\u0131na b\u00fcy\u00fck \u00f6zen g\u00f6sterdi\u011fini bir kez daha ifade ederken Suriye&#8217;de y\u00f6netim ve i\u00e7 meselelerde karar sahibi tek taraf\u0131n Suriye halk\u0131 oldu\u011funun da bir kez daha alt\u0131n\u0131 \u00e7izdi. Peskov bug\u00fcn yapt\u0131\u011f\u0131 bas\u0131n a\u00e7\u0131klamalar\u0131nda; Rusya a\u00e7\u0131s\u0131ndan Suriye&#8217;nin tek bir devlet olarak &hellip;<\/p>\n","protected":false},"author":1,"featured_media":65277,"comment_status":"closed","ping_status":"closed","sticky":false,"template":"","format":"standard","meta":{"footnotes":""},"categories":[458,459,17988],"tags":[],"class_list":["post-65283","post","type-post","status-publish","format-standard","has-post-thumbnail","","category-dunya1","category-haberler-arap-uluslararasi-politika","category-son-haberler"],"_links":{"self":[{"href":"https:\/\/archive.sana.sy\/tr\/index.php?rest_route=\/wp\/v2\/posts\/65283","targetHints":{"allow":["GET"]}}],"collection":[{"href":"https:\/\/archive.sana.sy\/tr\/index.php?rest_route=\/wp\/v2\/posts"}],"about":[{"href":"https:\/\/archive.sana.sy\/tr\/index.php?rest_route=\/wp\/v2\/types\/post"}],"author":[{"embeddable":true,"href":"https:\/\/archive.sana.sy\/tr\/index.php?rest_route=\/wp\/v2\/users\/1"}],"replies":[{"embeddable":true,"href":"https:\/\/archive.sana.sy\/tr\/index.php?rest_route=%2Fwp%2Fv2%2Fcomments&post=65283"}],"version-history":[{"count":0,"href":"https:\/\/archive.sana.sy\/tr\/index.php?rest_route=\/wp\/v2\/posts\/65283\/revisions"}],"wp:featuredmedia":[{"embeddable":true,"href":"https:\/\/archive.sana.sy\/tr\/index.php?rest_route=\/wp\/v2\/media\/65277"}],"wp:attachment":[{"href":"https:\/\/archive.sana.sy\/tr\/index.php?rest_route=%2Fwp%2Fv2%2Fmedia&parent=65283"}],"wp:term":[{"taxonomy":"category","embeddable":true,"href":"https:\/\/archive.sana.sy\/tr\/index.php?rest_route=%2Fwp%2Fv2%2Fcategories&post=65283"},{"taxonomy":"post_tag","embeddable":true,"href":"https:\/\/archive.sana.sy\/tr\/index.php?rest_route=%2Fwp%2Fv2%2Ftags&post=65283"}],"curies":[{"name":"wp","href":"https:\/\/api.w.org\/{rel}","templated":true}]}}