{"id":65290,"date":"2016-03-17T09:00:30","date_gmt":"2016-03-17T07:00:30","guid":{"rendered":"http:\/\/sana.sy\/tr\/?p=65290"},"modified":"2016-03-18T12:07:48","modified_gmt":"2016-03-18T10:07:48","slug":"anlasmaya-9-bolge-daha-katildi","status":"publish","type":"post","link":"https:\/\/archive.sana.sy\/tr\/?p=65290","title":{"rendered":"Anla\u015fmaya 9 B\u00f6lge Daha Kat\u0131ld\u0131"},"content":{"rendered":"<p>LAZK\u0130YE \u2013 Lazkiye k\u0131rsal\u0131nda Hmeymim Hava \u00dcss\u00fcnde Suriye&#8217;de \u00e7at\u0131\u015fmalar\u0131 durduruma anla\u015fmas\u0131n\u0131 denetleme ve koordinasyon Rus merkezi hama k\u0131rsal\u0131nda 9 yeni k\u00f6yde anla\u015fmaya kat\u0131l\u0131m uzla\u015fmas\u0131 sa\u011fland\u0131\u011f\u0131n\u0131 a\u00e7\u0131klad\u0131.<\/p>\n<p>Merkez yay\u0131nlad\u0131\u011f\u0131 b\u00fcltende anla\u015fman\u0131n Rusya ve Suriye taraf\u0131ndan yakla\u015f\u0131k 10 ton insani yard\u0131m g\u00f6nderildi\u011fi Hama&#8217;n\u0131n Ayn el Bad Kasabas\u0131nda imzaland\u0131\u011f\u0131 belirtildi. 9 belde ve k\u00f6yde \u00f6nde gelenlerin bar\u0131\u015f m\u00fczakereleri kapsam\u0131nda Suriye ordusuna destek vermek i\u00e7in i\u015fbirli\u011fi yapmay\u0131 kabul ettikleri de kaydedildi.<\/p>\n<p>\u00d6te yandan merkez, Hama&#8217;daki 38 b\u00f6lgenin \u00e7at\u0131\u015fmalar\u0131 durdurma anla\u015fmas\u0131na dahil olmak i\u00e7in ba\u015fvuru yapt\u0131\u011f\u0131n\u0131 ifade etti. Merkez d\u00fcn yapt\u0131\u011f\u0131 a\u00e7\u0131klamada, anla\u015fmaya dahil olan b\u00f6lgelerin say\u0131s\u0131n\u0131n 51, yasad\u0131\u015f\u0131 silahl\u0131 \u00f6rg\u00fctlerin say\u0131s\u0131n\u0131n ise 42 oldu\u011funu belirtmi\u015fti.<\/p>\n","protected":false},"excerpt":{"rendered":"<p>LAZK\u0130YE \u2013 Lazkiye k\u0131rsal\u0131nda Hmeymim Hava \u00dcss\u00fcnde Suriye&#8217;de \u00e7at\u0131\u015fmalar\u0131 durduruma anla\u015fmas\u0131n\u0131 denetleme ve koordinasyon Rus merkezi hama k\u0131rsal\u0131nda 9 yeni k\u00f6yde anla\u015fmaya kat\u0131l\u0131m uzla\u015fmas\u0131 sa\u011fland\u0131\u011f\u0131n\u0131 a\u00e7\u0131klad\u0131. Merkez yay\u0131nlad\u0131\u011f\u0131 b\u00fcltende anla\u015fman\u0131n Rusya ve Suriye taraf\u0131ndan yakla\u015f\u0131k 10 ton insani yard\u0131m g\u00f6nderildi\u011fi Hama&#8217;n\u0131n Ayn el Bad Kasabas\u0131nda imzaland\u0131\u011f\u0131 belirtildi. 9 belde ve k\u00f6yde \u00f6nde gelenlerin bar\u0131\u015f m\u00fczakereleri &hellip;<\/p>\n","protected":false},"author":1,"featured_media":65291,"comment_status":"closed","ping_status":"closed","sticky":false,"template":"","format":"standard","meta":{"footnotes":""},"categories":[479,575,17988,478],"tags":[19907,19460,19524],"class_list":["post-65290","post","type-post","status-publish","format-standard","has-post-thumbnail","","category-haberler-yerel","category-olaylar-ve-gercekler","category-son-haberler","category-yerel","tag-anlasmaya-9-bolge-daha-katildi","tag-ateskes-anlasmasi","tag-catismalari-durduruma-anlasmasi"],"_links":{"self":[{"href":"https:\/\/archive.sana.sy\/tr\/index.php?rest_route=\/wp\/v2\/posts\/65290","targetHints":{"allow":["GET"]}}],"collection":[{"href":"https:\/\/archive.sana.sy\/tr\/index.php?rest_route=\/wp\/v2\/posts"}],"about":[{"href":"https:\/\/archive.sana.sy\/tr\/index.php?rest_route=\/wp\/v2\/types\/post"}],"author":[{"embeddable":true,"href":"https:\/\/archive.sana.sy\/tr\/index.php?rest_route=\/wp\/v2\/users\/1"}],"replies":[{"embeddable":true,"href":"https:\/\/archive.sana.sy\/tr\/index.php?rest_route=%2Fwp%2Fv2%2Fcomments&post=65290"}],"version-history":[{"count":0,"href":"https:\/\/archive.sana.sy\/tr\/index.php?rest_route=\/wp\/v2\/posts\/65290\/revisions"}],"wp:featuredmedia":[{"embeddable":true,"href":"https:\/\/archive.sana.sy\/tr\/index.php?rest_route=\/wp\/v2\/media\/65291"}],"wp:attachment":[{"href":"https:\/\/archive.sana.sy\/tr\/index.php?rest_route=%2Fwp%2Fv2%2Fmedia&parent=65290"}],"wp:term":[{"taxonomy":"category","embeddable":true,"href":"https:\/\/archive.sana.sy\/tr\/index.php?rest_route=%2Fwp%2Fv2%2Fcategories&post=65290"},{"taxonomy":"post_tag","embeddable":true,"href":"https:\/\/archive.sana.sy\/tr\/index.php?rest_route=%2Fwp%2Fv2%2Ftags&post=65290"}],"curies":[{"name":"wp","href":"https:\/\/api.w.org\/{rel}","templated":true}]}}