{"id":65313,"date":"2016-03-17T13:10:39","date_gmt":"2016-03-17T11:10:39","guid":{"rendered":"http:\/\/sana.sy\/tr\/?p=65313"},"modified":"2016-03-18T12:08:59","modified_gmt":"2016-03-18T10:08:59","slug":"destekcilerinin-uluslararasi-mahkemelerde-yargilanma-kapisini-acacak","status":"publish","type":"post","link":"https:\/\/archive.sana.sy\/tr\/?p=65313","title":{"rendered":"Destek\u00e7ilerinin Uluslararas\u0131 Mahkemelerde Yarg\u0131lanma Kap\u0131s\u0131n\u0131 A\u00e7acak"},"content":{"rendered":"<p>WASH\u0130NGTON \u2013 ABD D\u0131\u015fi\u015fleri Bakanl\u0131\u011f\u0131 bug\u00fcn I\u015e\u0130D ter\u00f6r \u00f6rg\u00fct\u00fcn\u00fcn Suriye ve Irak\u2019ta i\u015fledi\u011fi su\u00e7lar\u0131 \u2018katliam\u2019 olarak nitelendirme karar\u0131 ald\u0131\u011f\u0131n\u0131 ilan ederek, bu ter\u00f6r \u00f6rg\u00fct\u00fcne Erdo\u011fan rejimi gibi yard\u0131m ve destekte bulunanlara kar\u015f\u0131 uluslar aras\u0131 d\u00fczeyde kanuni icraatlar alma kap\u0131s\u0131n\u0131 a\u00e7m\u0131\u015f oldu.<\/p>\n<p>\u00d6yle ki I\u015e\u0130D \u00d6rg\u00fct\u00fc uluslar aras\u0131 kanunlar\u0131 tan\u0131masa da bu kanunlar sadece katliam i\u015fleyenleri de\u011fil, ayn\u0131 zamanda her hangi bir \u015fekilde yard\u0131m ve destekte bulunanlar\u0131n da cezaland\u0131r\u0131lmalar\u0131n\u0131 \u00f6ng\u00f6r\u00fcyor.<\/p>\n<p>ABD D\u0131\u015fi\u015fleri Bakan\u0131 John Kerry Amerikan Temsilciler Meclisinin karar\u0131 onaylamas\u0131ndan 3 g\u00fcn sonra I\u015e\u0130D\u2019in su\u00e7lar\u0131n\u0131 \u2018katliam\u2019 olarak nitelendirme karar\u0131 ald\u0131\u011f\u0131n\u0131 ilan ederken, bu su\u00e7lar\u0131n ara\u015ft\u0131r\u0131lmas\u0131 i\u00e7in uluslar aras\u0131 uzman bir mahkemenin te\u015fkil edilmesi \u00e7a\u011fr\u0131s\u0131nda bulundu.<\/p>\n","protected":false},"excerpt":{"rendered":"<p>WASH\u0130NGTON \u2013 ABD D\u0131\u015fi\u015fleri Bakanl\u0131\u011f\u0131 bug\u00fcn I\u015e\u0130D ter\u00f6r \u00f6rg\u00fct\u00fcn\u00fcn Suriye ve Irak\u2019ta i\u015fledi\u011fi su\u00e7lar\u0131 \u2018katliam\u2019 olarak nitelendirme karar\u0131 ald\u0131\u011f\u0131n\u0131 ilan ederek, bu ter\u00f6r \u00f6rg\u00fct\u00fcne Erdo\u011fan rejimi gibi yard\u0131m ve destekte bulunanlara kar\u015f\u0131 uluslar aras\u0131 d\u00fczeyde kanuni icraatlar alma kap\u0131s\u0131n\u0131 a\u00e7m\u0131\u015f oldu. \u00d6yle ki I\u015e\u0130D \u00d6rg\u00fct\u00fc uluslar aras\u0131 kanunlar\u0131 tan\u0131masa da bu kanunlar sadece katliam i\u015fleyenleri &hellip;<\/p>\n","protected":false},"author":1,"featured_media":65314,"comment_status":"closed","ping_status":"closed","sticky":false,"template":"","format":"standard","meta":{"footnotes":""},"categories":[458,459,17988],"tags":[19910,19909],"class_list":["post-65313","post","type-post","status-publish","format-standard","has-post-thumbnail","","category-dunya1","category-haberler-arap-uluslararasi-politika","category-son-haberler","tag-katliam-olarak-nitelendirme-karari-aldi","tag-destekcilerinin-uluslararasi-mahkemelerde-yargilanma-kapisini-acacak"],"_links":{"self":[{"href":"https:\/\/archive.sana.sy\/tr\/index.php?rest_route=\/wp\/v2\/posts\/65313","targetHints":{"allow":["GET"]}}],"collection":[{"href":"https:\/\/archive.sana.sy\/tr\/index.php?rest_route=\/wp\/v2\/posts"}],"about":[{"href":"https:\/\/archive.sana.sy\/tr\/index.php?rest_route=\/wp\/v2\/types\/post"}],"author":[{"embeddable":true,"href":"https:\/\/archive.sana.sy\/tr\/index.php?rest_route=\/wp\/v2\/users\/1"}],"replies":[{"embeddable":true,"href":"https:\/\/archive.sana.sy\/tr\/index.php?rest_route=%2Fwp%2Fv2%2Fcomments&post=65313"}],"version-history":[{"count":0,"href":"https:\/\/archive.sana.sy\/tr\/index.php?rest_route=\/wp\/v2\/posts\/65313\/revisions"}],"wp:featuredmedia":[{"embeddable":true,"href":"https:\/\/archive.sana.sy\/tr\/index.php?rest_route=\/wp\/v2\/media\/65314"}],"wp:attachment":[{"href":"https:\/\/archive.sana.sy\/tr\/index.php?rest_route=%2Fwp%2Fv2%2Fmedia&parent=65313"}],"wp:term":[{"taxonomy":"category","embeddable":true,"href":"https:\/\/archive.sana.sy\/tr\/index.php?rest_route=%2Fwp%2Fv2%2Fcategories&post=65313"},{"taxonomy":"post_tag","embeddable":true,"href":"https:\/\/archive.sana.sy\/tr\/index.php?rest_route=%2Fwp%2Fv2%2Ftags&post=65313"}],"curies":[{"name":"wp","href":"https:\/\/api.w.org\/{rel}","templated":true}]}}