{"id":6532,"date":"2014-08-05T12:01:46","date_gmt":"2014-08-05T09:01:46","guid":{"rendered":"http:\/\/www.sana.sy\/tr\/?p=6532"},"modified":"2014-08-05T12:01:46","modified_gmt":"2014-08-05T09:01:46","slug":"rusya-disisleri-bakanligi-suriye-irak-ve-lubnan-uluslararasi-terorun-yayilmasi-olan-ortak-bir-tehlikeyle-karsi-karsiyadir","status":"publish","type":"post","link":"https:\/\/archive.sana.sy\/tr\/?p=6532","title":{"rendered":"Rusya D\u0131\u015fi\u015fleri Bakanl\u0131\u011f\u0131: Suriye, Irak ve L\u00fcbnan uluslararas\u0131 ter\u00f6r\u00fcn yay\u0131lmas\u0131 olan ortak bir tehlikeyle kar\u015f\u0131 kar\u015f\u0131yad\u0131r."},"content":{"rendered":"<p>Rusya D\u0131\u015fi\u015fleri Bakanl\u0131\u011f\u0131: Suriye, Irak ve L\u00fcbnan uluslararas\u0131 ter\u00f6r\u00fcn yay\u0131lmas\u0131 olan ortak bir tehlikeyle kar\u015f\u0131 kar\u015f\u0131yad\u0131r.<\/p>\n","protected":false},"excerpt":{"rendered":"<p>Rusya D\u0131\u015fi\u015fleri Bakanl\u0131\u011f\u0131: Suriye, Irak ve L\u00fcbnan uluslararas\u0131 ter\u00f6r\u00fcn yay\u0131lmas\u0131 olan ortak bir tehlikeyle kar\u015f\u0131 kar\u015f\u0131yad\u0131r.<\/p>\n","protected":false},"author":1,"featured_media":0,"comment_status":"closed","ping_status":"closed","sticky":false,"template":"","format":"standard","meta":{"footnotes":""},"categories":[1],"tags":[1456,1455],"class_list":["post-6532","post","type-post","status-publish","format-standard","","category-news-not-sorted","tag-irak-ve-lubnan-uluslararasi-terorun-yayilmasi-olan-ortak-bir-tehlikeyle-karsi-karsiyadir","tag-rusya-disisleri-bakanligi-suriye"],"_links":{"self":[{"href":"https:\/\/archive.sana.sy\/tr\/index.php?rest_route=\/wp\/v2\/posts\/6532","targetHints":{"allow":["GET"]}}],"collection":[{"href":"https:\/\/archive.sana.sy\/tr\/index.php?rest_route=\/wp\/v2\/posts"}],"about":[{"href":"https:\/\/archive.sana.sy\/tr\/index.php?rest_route=\/wp\/v2\/types\/post"}],"author":[{"embeddable":true,"href":"https:\/\/archive.sana.sy\/tr\/index.php?rest_route=\/wp\/v2\/users\/1"}],"replies":[{"embeddable":true,"href":"https:\/\/archive.sana.sy\/tr\/index.php?rest_route=%2Fwp%2Fv2%2Fcomments&post=6532"}],"version-history":[{"count":0,"href":"https:\/\/archive.sana.sy\/tr\/index.php?rest_route=\/wp\/v2\/posts\/6532\/revisions"}],"wp:attachment":[{"href":"https:\/\/archive.sana.sy\/tr\/index.php?rest_route=%2Fwp%2Fv2%2Fmedia&parent=6532"}],"wp:term":[{"taxonomy":"category","embeddable":true,"href":"https:\/\/archive.sana.sy\/tr\/index.php?rest_route=%2Fwp%2Fv2%2Fcategories&post=6532"},{"taxonomy":"post_tag","embeddable":true,"href":"https:\/\/archive.sana.sy\/tr\/index.php?rest_route=%2Fwp%2Fv2%2Ftags&post=6532"}],"curies":[{"name":"wp","href":"https:\/\/api.w.org\/{rel}","templated":true}]}}