{"id":65325,"date":"2016-03-17T22:16:48","date_gmt":"2016-03-17T20:16:48","guid":{"rendered":"http:\/\/sana.sy\/tr\/?p=65325"},"modified":"2016-03-18T12:08:48","modified_gmt":"2016-03-18T10:08:48","slug":"suriyenin-toprak-ve-halk-butunlugunde-herkes-hem-fikir","status":"publish","type":"post","link":"https:\/\/archive.sana.sy\/tr\/?p=65325","title":{"rendered":"Suriye&#8217;nin Toprak ve Halk B\u00fct\u00fcnl\u00fc\u011f\u00fcnde Herkes Hem Fikir (video)"},"content":{"rendered":"<p>CENEVRE \u2013 BM genel sekreterinin Suriye \u00f6zel temsilcisi Staffan de Mistura Cenevre&#8217;de d\u00fczenledi\u011fi bas\u0131n konferans\u0131nda; Suriyeliler aras\u0131nda diyalog g\u00f6r\u00fc\u015fmelerine kat\u0131lanlar aras\u0131nda ortak bir alan bulmaya \u00e7al\u0131\u015ft\u0131\u011f\u0131n\u0131 ifade ederken, kat\u0131l\u0131mc\u0131lar\u0131n tutumlar\u0131n\u0131 g\u00f6rmeye ba\u015flad\u0131\u011f\u0131n\u0131 s\u00f6yledi.<\/p>\n<p>De Mistura Suriye&#8217;nin toprak ve halk b\u00fct\u00fcnl\u00fc\u011f\u00fcn\u00fcn yan\u0131 s\u0131ra Suriye halk\u0131n\u0131n t\u00fcm bile\u015fenlerinin haklar\u0131n\u0131n korunmas\u0131 konusunda herkesin ilkeler \u00fczerine anla\u015ft\u0131\u011f\u0131n\u0131 vurgulad\u0131.<\/p>\n<p>T\u00fcm taraflar\u0131n diyalog masas\u0131na oturmalar\u0131 i\u00e7in sorular\u0131n t\u00fcm taraflarla payla\u015f\u0131l\u0131p tart\u0131\u015f\u0131lmas\u0131 gere\u011fini belirten de Mistura; ba\u015ftan beri taraflar aras\u0131nda ciddi bir vizyon farkl\u0131l\u0131\u011f\u0131n\u0131n bulundu\u011funa i\u015faret etti. De Mistura, her diyalog g\u00f6r\u00fc\u015fmelerinde oldu\u011fu gibi her \u015feyden \u00f6nce taraflar aras\u0131nda ortak tabanlar\u0131n bulunmas\u0131na \u00e7al\u0131\u015f\u0131ld\u0131\u011f\u0131n\u0131 s\u00f6yledi.<\/p>\n<p>G\u00f6r\u00fc\u015fmelerin temeli konusunda bir belgenin bulundu\u011funu ifade eden de Mistura; fakat ihtiya\u00e7 duyulan meselenin m\u00fcmk\u00fcn siyasi ge\u00e7i\u015fi tart\u0131\u015fmak oldu\u011funu ifade etti. De Mistura, g\u00f6r\u00fc\u015fmelerde yeni bir ajandadan s\u00f6z etmediklerini, \u00f6nceden belirlenmi\u015f bir ajanda bulundu\u011funu ifade derken, yar\u0131n yap\u0131lacak temaslarda durumlar\u0131n daha da netle\u015fece\u011fini s\u00f6yledi.<\/p>\n<p>\u0130nsani yard\u0131mlar konusunda a\u015famal\u0131 bir ilerlemenin var oldu\u011funa i\u015faret eden de Mistura; \u00e7at\u0131\u015fmalar\u0131 durdurma anla\u015fmas\u0131 g\u00f6lgesinde bu yard\u0131mlar\u0131n herhangi bir b\u00f6lgeye ula\u015ft\u0131r\u0131lmas\u0131 konusunda hi\u00e7bir mazeretin bulunmad\u0131\u011f\u0131n\u0131 \u00f6ne s\u00fcrd\u00fc.<\/p>\n<p>De Mistura, Kahire ve Moskova muhalefet gruplar\u0131n\u0131n g\u00f6r\u00fc\u015fmelerde 3. Heyet olarak nitelendirilmeleri konusunda ise amac\u0131n taraflar aras\u0131nda yak\u0131nla\u015fmay\u0131 sa\u011flamak oldu\u011funu, dolay\u0131s\u0131yla herhangi bir taraf\u0131n g\u00f6r\u00fc\u015f\u00fcn\u00fc alma konusunda sak\u0131ncas\u0131 olmad\u0131\u011f\u0131n\u0131 s\u00f6yledi.<\/p>\n<p>https:\/\/www.youtube.com\/watch?v=oRDhbCOKpUs<\/p>\n","protected":false},"excerpt":{"rendered":"<p>CENEVRE \u2013 BM genel sekreterinin Suriye \u00f6zel temsilcisi Staffan de Mistura Cenevre&#8217;de d\u00fczenledi\u011fi bas\u0131n konferans\u0131nda; Suriyeliler aras\u0131nda diyalog g\u00f6r\u00fc\u015fmelerine kat\u0131lanlar aras\u0131nda ortak bir alan bulmaya \u00e7al\u0131\u015ft\u0131\u011f\u0131n\u0131 ifade ederken, kat\u0131l\u0131mc\u0131lar\u0131n tutumlar\u0131n\u0131 g\u00f6rmeye ba\u015flad\u0131\u011f\u0131n\u0131 s\u00f6yledi. De Mistura Suriye&#8217;nin toprak ve halk b\u00fct\u00fcnl\u00fc\u011f\u00fcn\u00fcn yan\u0131 s\u0131ra Suriye halk\u0131n\u0131n t\u00fcm bile\u015fenlerinin haklar\u0131n\u0131n korunmas\u0131 konusunda herkesin ilkeler \u00fczerine anla\u015ft\u0131\u011f\u0131n\u0131 vurgulad\u0131. T\u00fcm &hellip;<\/p>\n","protected":false},"author":1,"featured_media":65326,"comment_status":"closed","ping_status":"closed","sticky":false,"template":"","format":"standard","meta":{"footnotes":""},"categories":[458,459,17988],"tags":[19913],"class_list":["post-65325","post","type-post","status-publish","format-standard","has-post-thumbnail","","category-dunya1","category-haberler-arap-uluslararasi-politika","category-son-haberler","tag-suriyenin-toprak-ve-halk-butunlugunde-herkes-hem-fikir"],"_links":{"self":[{"href":"https:\/\/archive.sana.sy\/tr\/index.php?rest_route=\/wp\/v2\/posts\/65325","targetHints":{"allow":["GET"]}}],"collection":[{"href":"https:\/\/archive.sana.sy\/tr\/index.php?rest_route=\/wp\/v2\/posts"}],"about":[{"href":"https:\/\/archive.sana.sy\/tr\/index.php?rest_route=\/wp\/v2\/types\/post"}],"author":[{"embeddable":true,"href":"https:\/\/archive.sana.sy\/tr\/index.php?rest_route=\/wp\/v2\/users\/1"}],"replies":[{"embeddable":true,"href":"https:\/\/archive.sana.sy\/tr\/index.php?rest_route=%2Fwp%2Fv2%2Fcomments&post=65325"}],"version-history":[{"count":0,"href":"https:\/\/archive.sana.sy\/tr\/index.php?rest_route=\/wp\/v2\/posts\/65325\/revisions"}],"wp:featuredmedia":[{"embeddable":true,"href":"https:\/\/archive.sana.sy\/tr\/index.php?rest_route=\/wp\/v2\/media\/65326"}],"wp:attachment":[{"href":"https:\/\/archive.sana.sy\/tr\/index.php?rest_route=%2Fwp%2Fv2%2Fmedia&parent=65325"}],"wp:term":[{"taxonomy":"category","embeddable":true,"href":"https:\/\/archive.sana.sy\/tr\/index.php?rest_route=%2Fwp%2Fv2%2Fcategories&post=65325"},{"taxonomy":"post_tag","embeddable":true,"href":"https:\/\/archive.sana.sy\/tr\/index.php?rest_route=%2Fwp%2Fv2%2Ftags&post=65325"}],"curies":[{"name":"wp","href":"https:\/\/api.w.org\/{rel}","templated":true}]}}