{"id":65338,"date":"2016-03-18T08:01:36","date_gmt":"2016-03-18T06:01:36","guid":{"rendered":"http:\/\/sana.sy\/tr\/?p=65338"},"modified":"2016-03-19T12:33:12","modified_gmt":"2016-03-19T10:33:12","slug":"cenevrede-suriyeliler-arasindaki-gorusmelerin-gundemi","status":"publish","type":"post","link":"https:\/\/archive.sana.sy\/tr\/?p=65338","title":{"rendered":"Cenevre\u2019de Suriyeliler Aras\u0131ndaki G\u00f6r\u00fc\u015fmelerin G\u00fcndemi"},"content":{"rendered":"<p>CENEVRE \u2013 Suriyeliler aras\u0131nda Cenevre&#8217;de BM denetimi alt\u0131nda yap\u0131lan dolayl\u0131 diyalog g\u00f6r\u00fc\u015fmelerinin 18 Mart Cuma g\u00fcn\u00fc g\u00fcndeminde bug\u00fcn bir dizi temaslar d\u00fczenleniyor.<\/p>\n<p>BM genel sekreterinin Suriye \u00f6zel temsilcisi Staffan de Mistura \u015eam yerel saatiyle saat 11\u2019de isti\u015fare kad\u0131n heyetiyle bir araya geldi.<\/p>\n<p>De Mistura saat 12\u2019de yurti\u00e7i muhalefet heyetiyle g\u00f6r\u00fc\u015f\u00fcrken, saat 13:30\u2019da Suriye Arap Cumhuriyeti heyeti ile bir araya geliyor. Saat 16:00\u2019da ise de Mistura Suudi Arabistan destekli \u2018Riyad muhalefeti\u2019 heyetiyle g\u00f6r\u00fc\u015fecek.<\/p>\n<p>T\u00fcm bu g\u00f6r\u00fc\u015fmelerin ard\u0131ndan de Mistura \u015eam yerel saatiyle saat 18:30\u2019da bas\u0131n toplant\u0131s\u0131 d\u00fczenleyecek<\/p>\n","protected":false},"excerpt":{"rendered":"<p>CENEVRE \u2013 Suriyeliler aras\u0131nda Cenevre&#8217;de BM denetimi alt\u0131nda yap\u0131lan dolayl\u0131 diyalog g\u00f6r\u00fc\u015fmelerinin 18 Mart Cuma g\u00fcn\u00fc g\u00fcndeminde bug\u00fcn bir dizi temaslar d\u00fczenleniyor. BM genel sekreterinin Suriye \u00f6zel temsilcisi Staffan de Mistura \u015eam yerel saatiyle saat 11\u2019de isti\u015fare kad\u0131n heyetiyle bir araya geldi. De Mistura saat 12\u2019de yurti\u00e7i muhalefet heyetiyle g\u00f6r\u00fc\u015f\u00fcrken, saat 13:30\u2019da Suriye Arap Cumhuriyeti &hellip;<\/p>\n","protected":false},"author":1,"featured_media":65339,"comment_status":"closed","ping_status":"closed","sticky":false,"template":"","format":"standard","meta":{"footnotes":""},"categories":[458,459,17988],"tags":[],"class_list":["post-65338","post","type-post","status-publish","format-standard","has-post-thumbnail","","category-dunya1","category-haberler-arap-uluslararasi-politika","category-son-haberler"],"_links":{"self":[{"href":"https:\/\/archive.sana.sy\/tr\/index.php?rest_route=\/wp\/v2\/posts\/65338","targetHints":{"allow":["GET"]}}],"collection":[{"href":"https:\/\/archive.sana.sy\/tr\/index.php?rest_route=\/wp\/v2\/posts"}],"about":[{"href":"https:\/\/archive.sana.sy\/tr\/index.php?rest_route=\/wp\/v2\/types\/post"}],"author":[{"embeddable":true,"href":"https:\/\/archive.sana.sy\/tr\/index.php?rest_route=\/wp\/v2\/users\/1"}],"replies":[{"embeddable":true,"href":"https:\/\/archive.sana.sy\/tr\/index.php?rest_route=%2Fwp%2Fv2%2Fcomments&post=65338"}],"version-history":[{"count":0,"href":"https:\/\/archive.sana.sy\/tr\/index.php?rest_route=\/wp\/v2\/posts\/65338\/revisions"}],"wp:featuredmedia":[{"embeddable":true,"href":"https:\/\/archive.sana.sy\/tr\/index.php?rest_route=\/wp\/v2\/media\/65339"}],"wp:attachment":[{"href":"https:\/\/archive.sana.sy\/tr\/index.php?rest_route=%2Fwp%2Fv2%2Fmedia&parent=65338"}],"wp:term":[{"taxonomy":"category","embeddable":true,"href":"https:\/\/archive.sana.sy\/tr\/index.php?rest_route=%2Fwp%2Fv2%2Fcategories&post=65338"},{"taxonomy":"post_tag","embeddable":true,"href":"https:\/\/archive.sana.sy\/tr\/index.php?rest_route=%2Fwp%2Fv2%2Ftags&post=65338"}],"curies":[{"name":"wp","href":"https:\/\/api.w.org\/{rel}","templated":true}]}}