{"id":6534,"date":"2014-08-05T12:55:51","date_gmt":"2014-08-05T09:55:51","guid":{"rendered":"http:\/\/www.sana.sy\/tr\/?p=6534"},"modified":"2014-08-05T12:56:55","modified_gmt":"2014-08-05T09:56:55","slug":"suriye-irak-ve-lubnan-ortak-teror-tehlikesiyle-karsi-karsiya","status":"publish","type":"post","link":"https:\/\/archive.sana.sy\/tr\/?p=6534","title":{"rendered":"Suriye, Irak ve L\u00fcbnan Ortak Ter\u00f6r Tehlikesiyle Kar\u015f\u0131 Kar\u015f\u0131ya"},"content":{"rendered":"<p>MOSKOVA &#8211; Rusya D\u0131\u015fi\u015fleri Bakanl\u0131\u011f\u0131: Suriye, Irak ve L\u00fcbnan\u2019\u0131n daha fazla toprak elde etmek i\u00e7in s\u0131n\u0131r tan\u0131mayan uluslararas\u0131 ter\u00f6r\u00fcn yay\u0131lmas\u0131 olan ortak bir tehlikeyle kar\u015f\u0131 kar\u015f\u0131ya olduklar\u0131n\u0131 belirtti.<\/p>\n<p>Rosya Today\u2019in sitesinde yay\u0131nlad\u0131\u011f\u0131 Bakanl\u0131k beyan\u0131nda, uluslararas\u0131 ortaklar\u0131n\u0131 Suriye, Irak ve L\u00fcbnan\u2019da ortaya \u00e7\u0131kan \u00e7ok tehlikeli olaylara y\u00f6nelik objektif de\u011ferlendirme yapmaya \u00e7a\u011f\u0131rd\u0131.<\/p>\n<p>Bakanl\u0131k, \u00e7ifte standartl\u0131l\u0131k politikas\u0131 ve sonu\u00e7 getirmeyecek ad\u0131mlar atmalar\u0131ndan vazge\u00e7meleri zorunlulu\u011funu, aksi halde orta do\u011fu b\u00f6lgesinde g\u00f6r\u00fclen a\u015f\u0131r\u0131 dinci ter\u00f6r\u00fcn tehlikesinin daha fazla yay\u0131lmas\u0131na sebep olaca\u011f\u0131n\u0131 vurgulad\u0131.<\/p>\n<p>Bakanl\u0131k beyan\u0131nda, son olarak L\u00fcbnan\u2019\u0131n Ersal Beldesinde meydana gelen olaylar\u0131n d\u00fcnya g\u00fcven ve istikrar\u0131na ciddi bir meydan okuma te\u015fkil etti\u011fini s\u00f6yledi.<\/p>\n<p>Bakanl\u0131k, L\u00fcbnan\u2019\u0131n istiklali ve toprak b\u00fct\u00fcnl\u00fc\u011f\u00fcn\u00fc koruma ile ter\u00f6r tehlikesiyle kar\u015f\u0131 kar\u015f\u0131ya olan silahl\u0131 kuvvetler ve polisini destekleme zorunlulu\u011fundan kaynaklanan ilkeli tutumunu ifade etti.<\/p>\n","protected":false},"excerpt":{"rendered":"<p>MOSKOVA &#8211; Rusya D\u0131\u015fi\u015fleri Bakanl\u0131\u011f\u0131: Suriye, Irak ve L\u00fcbnan\u2019\u0131n daha fazla toprak elde etmek i\u00e7in s\u0131n\u0131r tan\u0131mayan uluslararas\u0131 ter\u00f6r\u00fcn yay\u0131lmas\u0131 olan ortak bir tehlikeyle kar\u015f\u0131 kar\u015f\u0131ya olduklar\u0131n\u0131 belirtti. Rosya Today\u2019in sitesinde yay\u0131nlad\u0131\u011f\u0131 Bakanl\u0131k beyan\u0131nda, uluslararas\u0131 ortaklar\u0131n\u0131 Suriye, Irak ve L\u00fcbnan\u2019da ortaya \u00e7\u0131kan \u00e7ok tehlikeli olaylara y\u00f6nelik objektif de\u011ferlendirme yapmaya \u00e7a\u011f\u0131rd\u0131. Bakanl\u0131k, \u00e7ifte standartl\u0131l\u0131k politikas\u0131 ve &hellip;<\/p>\n","protected":false},"author":1,"featured_media":6536,"comment_status":"closed","ping_status":"closed","sticky":false,"template":"","format":"standard","meta":{"footnotes":""},"categories":[458,459,447],"tags":[1457,16591],"class_list":["post-6534","post","type-post","status-publish","format-standard","has-post-thumbnail","","category-dunya1","category-haberler-arap-uluslararasi-politika","category-politika","tag-irak-ve-lubnan-ortak-teror-tehlikesiyle-karsi-karsiya","tag-suriye"],"_links":{"self":[{"href":"https:\/\/archive.sana.sy\/tr\/index.php?rest_route=\/wp\/v2\/posts\/6534","targetHints":{"allow":["GET"]}}],"collection":[{"href":"https:\/\/archive.sana.sy\/tr\/index.php?rest_route=\/wp\/v2\/posts"}],"about":[{"href":"https:\/\/archive.sana.sy\/tr\/index.php?rest_route=\/wp\/v2\/types\/post"}],"author":[{"embeddable":true,"href":"https:\/\/archive.sana.sy\/tr\/index.php?rest_route=\/wp\/v2\/users\/1"}],"replies":[{"embeddable":true,"href":"https:\/\/archive.sana.sy\/tr\/index.php?rest_route=%2Fwp%2Fv2%2Fcomments&post=6534"}],"version-history":[{"count":0,"href":"https:\/\/archive.sana.sy\/tr\/index.php?rest_route=\/wp\/v2\/posts\/6534\/revisions"}],"wp:featuredmedia":[{"embeddable":true,"href":"https:\/\/archive.sana.sy\/tr\/index.php?rest_route=\/wp\/v2\/media\/6536"}],"wp:attachment":[{"href":"https:\/\/archive.sana.sy\/tr\/index.php?rest_route=%2Fwp%2Fv2%2Fmedia&parent=6534"}],"wp:term":[{"taxonomy":"category","embeddable":true,"href":"https:\/\/archive.sana.sy\/tr\/index.php?rest_route=%2Fwp%2Fv2%2Fcategories&post=6534"},{"taxonomy":"post_tag","embeddable":true,"href":"https:\/\/archive.sana.sy\/tr\/index.php?rest_route=%2Fwp%2Fv2%2Ftags&post=6534"}],"curies":[{"name":"wp","href":"https:\/\/api.w.org\/{rel}","templated":true}]}}