{"id":65348,"date":"2016-03-18T16:52:31","date_gmt":"2016-03-18T14:52:31","guid":{"rendered":"http:\/\/sana.sy\/tr\/?p=65348"},"modified":"2016-03-19T16:37:03","modified_gmt":"2016-03-19T14:37:03","slug":"suriye-heyeti-de-mistura-ile-gorustu-video","status":"publish","type":"post","link":"https:\/\/archive.sana.sy\/tr\/?p=65348","title":{"rendered":"Ciddi Bir Diyaloga Yol A\u00e7acak Temel Fakt\u00f6rlere Odakland\u0131k (video)"},"content":{"rendered":"<p>CENEVRE \u2013 BM denetimi alt\u0131nda Cenevre&#8217;de Suriyeliler aras\u0131nda yap\u0131lan dolayl\u0131 diyalog g\u00f6r\u00fc\u015fmelerinde Suriye Arap Cumhuriyeti heyetinin ba\u015fkan\u0131 Be\u015f\u015far el Caferi BM genel sekreterinin Suriye \u00f6zel temsilcisi Staffan de Mistura ile BM binas\u0131nda g\u00f6r\u00fc\u015fmesinin ard\u0131ndan bas\u0131na a\u00e7\u0131klama yapt\u0131.<\/p>\n<p><img loading=\"lazy\" decoding=\"async\" class=\"alignright wp-image-65416 size-medium\" src=\"http:\/\/sana.sy\/tr\/wp-content\/uploads\/2016\/03\/Cenevre-1-1-300x150.jpg\" alt=\"Cenevre 1\" width=\"300\" height=\"150\" srcset=\"https:\/\/archive.sana.sy\/tr\/wp-content\/uploads\/2016\/03\/Cenevre-1-1-300x150.jpg 300w, https:\/\/archive.sana.sy\/tr\/wp-content\/uploads\/2016\/03\/Cenevre-1-1-150x75.jpg 150w, https:\/\/archive.sana.sy\/tr\/wp-content\/uploads\/2016\/03\/Cenevre-1-1.jpg 660w\" sizes=\"auto, (max-width: 300px) 100vw, 300px\" \/>Bas\u0131n a\u00e7\u0131klamas\u0131nda Caferi bug\u00fcn de Mistura ile temaslar\u0131n olumlu ve faydal\u0131 oldu\u011funu ifade ederken, Suriye&#8217;deki krizin \u00e7\u00f6z\u00fcm\u00fcnde temel fakt\u00f6rler belgesi \u00fczerine odakland\u0131klar\u0131n\u0131 a\u00e7\u0131klad\u0131. Caferi bu belgenin de Suriye Arap Cumhuriyeti heyeti taraf\u0131ndan bir \u00f6nceki toplant\u0131da de Mistura\u2019ya teslim edildi\u011fini ve de Mistura\u2019n\u0131n belgeyi inceleyip de\u011ferlendirece\u011fini ifade etti\u011fine dikkat \u00e7ekti.<\/p>\n<p>Temel fakt\u00f6rler olarak adland\u0131r\u0131lan ilkeleri kararla\u015ft\u0131rman\u0131n Suriyeliler aras\u0131nda ciddi bir diyaloga yol a\u00e7aca\u011f\u0131n\u0131 belirten Caferi; bunun da Suriye&#8217;nin gelece\u011finin yap\u0131land\u0131r\u0131lmas\u0131na katk\u0131 sa\u011flayaca\u011f\u0131n\u0131 ifade etti. Caferi temel fakt\u00f6rlerin Suriyeliler aras\u0131nda herhangi bir d\u0131\u015f m\u00fcdahale olmaks\u0131z\u0131n Suriyelilerin komutas\u0131nda ciddi ve d\u00fcr\u00fcst bir diyaloga da yol a\u00e7aca\u011f\u0131na dikkat \u00e7ekti.<\/p>\n<p>Bu arada Suriye Arap Cumhuriyeti heyeti 14 Martta ba\u015flayan g\u00f6r\u00fc\u015fmeler kapsam\u0131nda bug\u00fcn \u00fc\u00e7\u00fcnc\u00fc kez de Mistura ile BM\u2019nin Cenevre\u2019deki binas\u0131nda bir araya gelmi\u015fti.<\/p>\n<p>https:\/\/www.youtube.com\/watch?v=ysSyw8q_4A8<\/p>\n<p>Suriye Arap Cumhuriyeti heyeti de Mistura ile temaslarda bulunmak \u00fczere BM&#8217;nin Cenevre&#8217;deki binas\u0131na giriyor.<\/p>\n<p>&nbsp;<\/p>\n<p>https:\/\/www.youtube.com\/watch?v=hZHKkyqisoo<\/p>\n<p><span style=\"color: #0000ff\">De Mistura: Suriye Heyetinin Sundu\u011fu Belge Derin ve Faydal\u0131d\u0131r<\/span><\/p>\n<p>BM genel sekreterinin Suriye \u00f6zel temsilcisi de Mistura Suriye heyeti ile toplant\u0131 ard\u0131ndan yapt\u0131\u011f\u0131 bas\u0131n a\u00e7\u0131klamas\u0131nda; \u00f6n\u00fcm\u00fczdeki haftan\u0131n Suriyeliler aras\u0131nda Cenevre&#8217;de yap\u0131lan g\u00f6r\u00fc\u015fmelerin ikinci turunun son haftas\u0131 olaca\u011f\u0131na dikkat \u00e7ekerken arta kalan g\u00fcnlerde t\u00fcm taraflar aras\u0131nda ortak bir taban bulmaya odaklanacaklar\u0131n\u0131 s\u00f6yledi.<\/p>\n<p>De Mistura Suriye Arap Cumhuriyeti heyetinin sundu\u011fu temel fakt\u00f6rler belgesinin olduk\u00e7a faydal\u0131 ve derin oldu\u011funa dikkat \u00e7ekti.<\/p>\n<p>G\u00f6r\u00fc\u015fmelerde dolayl\u0131 y\u00f6ntemin ilerletilmesi gere\u011fini ortaya koydu\u011funa dikkat \u00e7eken de Mistura; Rusya ve ABD\u2019nin diyalog g\u00f6r\u00fc\u015fmelerine e\u015f zamanl\u0131 \u00e7abalar\u0131n\u0131n Suriye&#8217;deki krizin siyasi \u00e7\u00f6z\u00fcm\u00fc a\u00e7\u0131s\u0131ndan \u00e7ok faydal\u0131 oldu\u011funu vurgulad\u0131.<\/p>\n<p>https:\/\/www.youtube.com\/watch?v=SLTUYAhNGWA<\/p>\n","protected":false},"excerpt":{"rendered":"<p>CENEVRE \u2013 BM denetimi alt\u0131nda Cenevre&#8217;de Suriyeliler aras\u0131nda yap\u0131lan dolayl\u0131 diyalog g\u00f6r\u00fc\u015fmelerinde Suriye Arap Cumhuriyeti heyetinin ba\u015fkan\u0131 Be\u015f\u015far el Caferi BM genel sekreterinin Suriye \u00f6zel temsilcisi Staffan de Mistura ile BM binas\u0131nda g\u00f6r\u00fc\u015fmesinin ard\u0131ndan bas\u0131na a\u00e7\u0131klama yapt\u0131. Bas\u0131n a\u00e7\u0131klamas\u0131nda Caferi bug\u00fcn de Mistura ile temaslar\u0131n olumlu ve faydal\u0131 oldu\u011funu ifade ederken, Suriye&#8217;deki krizin \u00e7\u00f6z\u00fcm\u00fcnde temel &hellip;<\/p>\n","protected":false},"author":1,"featured_media":65444,"comment_status":"closed","ping_status":"closed","sticky":false,"template":"","format":"standard","meta":{"footnotes":""},"categories":[458,459,17988],"tags":[19914],"class_list":["post-65348","post","type-post","status-publish","format-standard","has-post-thumbnail","","category-dunya1","category-haberler-arap-uluslararasi-politika","category-son-haberler","tag-ciddi-bir-diyaloga-yol-acacak-temel-faktorlere-odaklandik"],"_links":{"self":[{"href":"https:\/\/archive.sana.sy\/tr\/index.php?rest_route=\/wp\/v2\/posts\/65348","targetHints":{"allow":["GET"]}}],"collection":[{"href":"https:\/\/archive.sana.sy\/tr\/index.php?rest_route=\/wp\/v2\/posts"}],"about":[{"href":"https:\/\/archive.sana.sy\/tr\/index.php?rest_route=\/wp\/v2\/types\/post"}],"author":[{"embeddable":true,"href":"https:\/\/archive.sana.sy\/tr\/index.php?rest_route=\/wp\/v2\/users\/1"}],"replies":[{"embeddable":true,"href":"https:\/\/archive.sana.sy\/tr\/index.php?rest_route=%2Fwp%2Fv2%2Fcomments&post=65348"}],"version-history":[{"count":0,"href":"https:\/\/archive.sana.sy\/tr\/index.php?rest_route=\/wp\/v2\/posts\/65348\/revisions"}],"wp:featuredmedia":[{"embeddable":true,"href":"https:\/\/archive.sana.sy\/tr\/index.php?rest_route=\/wp\/v2\/media\/65444"}],"wp:attachment":[{"href":"https:\/\/archive.sana.sy\/tr\/index.php?rest_route=%2Fwp%2Fv2%2Fmedia&parent=65348"}],"wp:term":[{"taxonomy":"category","embeddable":true,"href":"https:\/\/archive.sana.sy\/tr\/index.php?rest_route=%2Fwp%2Fv2%2Fcategories&post=65348"},{"taxonomy":"post_tag","embeddable":true,"href":"https:\/\/archive.sana.sy\/tr\/index.php?rest_route=%2Fwp%2Fv2%2Ftags&post=65348"}],"curies":[{"name":"wp","href":"https:\/\/api.w.org\/{rel}","templated":true}]}}