{"id":65352,"date":"2016-03-18T14:26:16","date_gmt":"2016-03-18T12:26:16","guid":{"rendered":"http:\/\/sana.sy\/tr\/?p=65352"},"modified":"2016-03-18T14:26:16","modified_gmt":"2016-03-18T12:26:16","slug":"sana-kameralari-suveyda-homs-ve-derada-vatandaslarin-halk-meclisi-secimlerine-iliskin-goruslerini-kaydediyor","status":"publish","type":"post","link":"https:\/\/archive.sana.sy\/tr\/?p=65352","title":{"rendered":"SANA kameralar\u0131 S\u00fcveyda, Homs ve Dera\u2019da vatanda\u015flar\u0131n Halk Meclisi se\u00e7imlerine ili\u015fkin g\u00f6r\u00fc\u015flerini kaydediyor"},"content":{"rendered":"<p>SANA kameralar\u0131 S\u00fcveyda, Homs ve Dera\u2019da vatanda\u015flar\u0131n Halk Meclisi se\u00e7imlerine ili\u015fkin g\u00f6r\u00fc\u015flerini kaydediyor<\/p>\n<p>https:\/\/www.youtube.com\/watch?v=KJ55KzsOLNc<\/p>\n","protected":false},"excerpt":{"rendered":"<p>SANA kameralar\u0131 S\u00fcveyda, Homs ve Dera\u2019da vatanda\u015flar\u0131n Halk Meclisi se\u00e7imlerine ili\u015fkin g\u00f6r\u00fc\u015flerini kaydediyor https:\/\/www.youtube.com\/watch?v=KJ55KzsOLNc<\/p>\n","protected":false},"author":1,"featured_media":65353,"comment_status":"closed","ping_status":"closed","sticky":false,"template":"","format":"standard","meta":{"footnotes":""},"categories":[18295],"tags":[],"class_list":["post-65352","post","type-post","status-publish","format-standard","has-post-thumbnail","","category-sana-video"],"_links":{"self":[{"href":"https:\/\/archive.sana.sy\/tr\/index.php?rest_route=\/wp\/v2\/posts\/65352","targetHints":{"allow":["GET"]}}],"collection":[{"href":"https:\/\/archive.sana.sy\/tr\/index.php?rest_route=\/wp\/v2\/posts"}],"about":[{"href":"https:\/\/archive.sana.sy\/tr\/index.php?rest_route=\/wp\/v2\/types\/post"}],"author":[{"embeddable":true,"href":"https:\/\/archive.sana.sy\/tr\/index.php?rest_route=\/wp\/v2\/users\/1"}],"replies":[{"embeddable":true,"href":"https:\/\/archive.sana.sy\/tr\/index.php?rest_route=%2Fwp%2Fv2%2Fcomments&post=65352"}],"version-history":[{"count":0,"href":"https:\/\/archive.sana.sy\/tr\/index.php?rest_route=\/wp\/v2\/posts\/65352\/revisions"}],"wp:featuredmedia":[{"embeddable":true,"href":"https:\/\/archive.sana.sy\/tr\/index.php?rest_route=\/wp\/v2\/media\/65353"}],"wp:attachment":[{"href":"https:\/\/archive.sana.sy\/tr\/index.php?rest_route=%2Fwp%2Fv2%2Fmedia&parent=65352"}],"wp:term":[{"taxonomy":"category","embeddable":true,"href":"https:\/\/archive.sana.sy\/tr\/index.php?rest_route=%2Fwp%2Fv2%2Fcategories&post=65352"},{"taxonomy":"post_tag","embeddable":true,"href":"https:\/\/archive.sana.sy\/tr\/index.php?rest_route=%2Fwp%2Fv2%2Ftags&post=65352"}],"curies":[{"name":"wp","href":"https:\/\/api.w.org\/{rel}","templated":true}]}}