{"id":6537,"date":"2014-08-06T08:38:56","date_gmt":"2014-08-06T05:38:56","guid":{"rendered":"http:\/\/www.sana.sy\/tr\/?p=6537"},"modified":"2014-08-06T13:55:00","modified_gmt":"2014-08-06T10:55:00","slug":"terorle-mucadele-kararlilikla-surduruluyor","status":"publish","type":"post","link":"https:\/\/archive.sana.sy\/tr\/?p=6537","title":{"rendered":"Ter\u00f6rle M\u00fccadele Kararl\u0131l\u0131kla S\u00fcrd\u00fcr\u00fcl\u00fcyor"},"content":{"rendered":"<p>\u0130LLER \u2013 Kahraman ordu birliklerimizin vatan ve vatanda\u015flar\u0131 koruma yolunda silahl\u0131 ter\u00f6r gruplar\u0131na y\u00f6nelik operasyonlar\u0131n\u0131 ba\u015far\u0131yla s\u00fcrd\u00fcr\u00fcyor.<\/p>\n<p>Operasyonlarda aralar\u0131nda yabanc\u0131 uyruklu eleba\u015flar\u0131n\u0131n bulundu\u011fu \u00e7ok say\u0131da ter\u00f6rist \u00f6ld\u00fcr\u00fcld\u00fc su\u00e7 edatlar\u0131 da imha edildi.<\/p>\n<p><span style=\"color: #0000ff\">\u015eam K\u0131rsal\u0131nda Ter\u00f6ristler A\u011f\u0131r Silahlar\u0131yla Etkisiz Hale Getirildi<\/span><\/p>\n<p>Askeri kaynak SANA muhabirine a\u00e7\u0131klamas\u0131nda, ordu ve silahl\u0131 kuvvetlerimize tabi birliklerin \u015eam K\u0131rsal\u0131 Han el \u015eih\u2019ten el Selam Otoban\u0131 do\u011fusundaki Hammara ve ila\u00e7 Fabrikas\u0131 y\u00f6n\u00fcne do\u011fru s\u0131ma giri\u015fimlerini \u00e7\u00f6kerterek \u00e7ok say\u0131da ter\u00f6risti \u00f6l\u00fc ve yaral\u0131 d\u00fc\u015f\u00fcrd\u00fc\u011f\u00fcn\u00fc belirtti.<\/p>\n<p>Kaynak, ordu birliklerimizin Kunaytra k\u0131rsal\u0131 resm el \u015euli ve Acref aras\u0131 ile Samadaniye\u2019de ter\u00f6ristlerle girdi\u011fi \u00e7at\u0131\u015fmalar sonucunda baz\u0131 ter\u00f6ristleri \u00f6l\u00fc ve yaral\u0131 d\u00fc\u015f\u00fcrd\u00fc\u011f\u00fcn\u00fc Um Batine\u2019de ise a\u011f\u0131r taramal\u0131 silahla donat\u0131lm\u0131\u015f bir ara\u00e7lar\u0131n\u0131 imha ettiklerini s\u00f6yledi.<\/p>\n<p>Ordu birliklerimiz \u015eam k\u0131rsal\u0131n\u0131n Zebadani Kasabas\u0131n\u0131n Bat\u0131 Mahallesinde ter\u00f6ristlerin havan ve top yap\u0131m\u0131nda kulland\u0131klar\u0131 bir at\u00f6lyeyi i\u00e7indeki malzeme, ara\u00e7 gere\u00e7 ve ter\u00f6ristlerle imha ederken geneli yabanc\u0131lardan olu\u015fan \u00e7ok say\u0131da ter\u00f6risti \u00f6l\u00fc, 20\u2019den fazla ter\u00f6risti de yaral\u0131 d\u00fc\u015f\u00fcrd\u00fc.<\/p>\n<p>Di\u011fer yandan \u015eam k\u0131rsal\u0131n\u0131n L\u00fcbnan s\u0131n\u0131rlar\u0131na d\u00fc\u015fen Kalemun B\u00f6lgesinde ter\u00f6r \u00e7etelerini kovalamaya devam eden ordu birliklerimiz L\u00fcbnan topraklar\u0131ndan Suriye&#8217;ye yasa d\u0131\u015f\u0131 ge\u00e7itlerden s\u0131zmaya \u00e7al\u0131\u015fan bir ter\u00f6r grubunun t\u00fcm \u00fcyelerini \u00f6l\u00fc yaral\u0131 ele ge\u00e7irdi.<\/p>\n<p>\u015eam k\u0131rsal\u0131n\u0131n Mleyha Beldesi kenarlar\u0131 ve Tamiko \u0130la\u00e7 Fabrikas\u0131 civarlar\u0131nda ter\u00f6ristlere ait cephanelik, karargah ve te\u00e7hizatlar\u0131 imha eden ordu birliklerimiz aralar\u0131nda tan\u0131nm\u0131\u015f az\u0131l\u0131 katillerin bulundu\u011fu \u00e7ok say\u0131da ter\u00f6risti etkisiz hale getirdi.<\/p>\n<p><span style=\"color: #0000ff\">Halep ve K\u0131rsal\u0131nda Su\u00e7 Edatlar\u0131yla \u00c7ok Say\u0131da Ter\u00f6rist \u00d6ld\u00fcr\u00fcld\u00fc<\/span><\/p>\n<p>Ordu birliklerimiz Halep ve k\u0131rsal\u0131n\u0131n muhtelif b\u00f6lgelerinde \u00e7ok say\u0131da ter\u00f6rist \u00f6l\u00fc ve yaral\u0131 d\u00fc\u015f\u00fcr\u00fcld\u00fc su\u00e7 edatlar\u0131 da imha edildi.<\/p>\n<p>Askeri kaynak yapt\u0131\u011f\u0131 a\u00e7\u0131klamada, ordu birliklerimizin Halep ve k\u0131rsal\u0131n\u0131n Kad\u0131 Asker, G\u00f6z Hastanesi \u00e7evresi, Bab el Hadid, el Helak, Beni Zeyd, Daret Ezza, Salahuddin, Breyc, Babis, H\u0131rbat Marata ve \u015e\u00fcrfet el Safra\u2019da ter\u00f6ristlerin toplanma merkezleri ve h\u00fccrelerinin hedef al\u0131nd\u0131\u011f\u0131n\u0131 bunun sonucunda \u00e7ok say\u0131da ter\u00f6ristin \u00f6l\u00fc ve yaral\u0131 d\u00fc\u015f\u00fcr\u00fcld\u00fc\u011f\u00fcn\u00fc baz\u0131lar\u0131 a\u011f\u0131r taramal\u0131 silahlarla donat\u0131lm\u0131\u015f edatlar\u0131n\u0131 da imha ettiklerini s\u00f6yledi.<\/p>\n<p>Kaynak, birliklerimizin Tel Cebin, el Had\u0131r ve Deyr el Cimal\u2019de i\u00e7indeki ter\u00f6ristlerle birlikte 7 ara\u00e7lar\u0131n\u0131 imha ettiklerini Ra\u015fidin\u2019de toplanma yerlerini hedef almas\u0131 sonucunda da bir ka\u00e7 ter\u00f6risti \u00f6ld\u00fcrd\u00fcklerini belirtti.<\/p>\n<p><span style=\"color: #0000ff\">\u0130dlib K\u0131rsal\u0131nda Yabanc\u0131 Uyruklu Ter\u00f6ristler \u00d6ld\u00fcr\u00fcld\u00fc<\/span><\/p>\n<p>Askeri, ordu birliklerimizin \u0130dlib k\u0131rsal\u0131 Mantaf K\u00f6y\u00fc \u00e7evresinde ter\u00f6r h\u00fccrelerini hedef almas\u0131 sonucunda aralar\u0131nda \u201c\u0130slami Cephe\u201d ter\u00f6r \u00f6rg\u00fct\u00fcne ba\u011fl\u0131 17 ter\u00f6r eleba\u015f\u0131n\u0131n da bulundu\u011fu \u00e7ok say\u0131da yabanc\u0131 uyruklunun bulundu\u011fu \u00e7ok say\u0131da ter\u00f6risti \u00f6l\u00fc ve yaral\u0131 d\u00fc\u015f\u00fcrd\u00fcklerini, a\u011f\u0131r taramal\u0131 silahlarla donat\u0131lm\u0131\u015f bir ara\u00e7lar\u0131n\u0131 da imha ettiklerini s\u00f6yledi.<\/p>\n<p>Kaynak, Ordu birliklerimizin Kaminas Beldesi \u00e7evresinde \u00e7ok say\u0131da ter\u00f6risti \u00f6l\u00fc ve yaral\u0131 d\u00fc\u015f\u00fcrd\u00fcklerini Beldenin bir mezras\u0131nda her birinin a\u011f\u0131rl\u0131\u011f\u0131 20-30 kg aras\u0131nda de\u011fi\u015fen 8 bomba d\u00fczene\u011fi ve 5 may\u0131n\u0131 etkisiz hale getirdiklerini s\u00f6yledi.<\/p>\n<p>Askeri kaynak SANA\u2019ya a\u00e7\u0131klamas\u0131nda ordu birliklerimizin \u0130dlib k\u0131rsal\u0131n\u0131n Sermaniye B\u00f6lgesinde Cisr el \u015eu\u011fur \u2013 Cur\u0131n karayoluna s\u0131zmaya \u00e7al\u0131\u015fan bir ter\u00f6r grubunun giri\u015fimini \u00e7\u00f6kerterek, bir\u00e7o\u011funu \u00f6l\u00fc yaral\u0131 d\u00fc\u015f\u00fcrd\u00fc\u011f\u00fcn\u00fc aktard\u0131.<\/p>\n<p>Kaynak ordu birliklerimizin ayr\u0131ca \u0130dlib k\u0131rsal\u0131n Maarat el Numan ,Kur\u0131n, el Musteriha , Tel el Lavz ve Hmeymat el Dair b\u00f6lgelerinde ter\u00f6ristlerin toplanma yerlerini hedef alarak onlarcas\u0131n\u0131 \u00f6l\u00fc yaral\u0131 d\u00fc\u015f\u00fcrd\u00fcklerini belirtti.<\/p>\n<p><span style=\"color: #0000ff\">Dera K\u0131rsal\u0131nda Ter\u00f6ristler \u00d6ld\u00fcr\u00fcld\u00fc S\u0131zma Giri\u015fimleri \u00c7\u00f6kertildi<\/span><\/p>\n<p>Dera k\u0131rsal\u0131n\u0131n muhtelif K\u00f6y ve Beldesinde \u00e7ok say\u0131da ter\u00f6risti \u00f6l\u00fc ve yaral\u0131 d\u00fc\u015f\u00fcrerek askeri noktalara s\u0131zma giri\u015fimlerini \u00e7\u00f6kertti.<\/p>\n<p>Askeri kaynak, ordu birliklerimizin Dera k\u0131rsal\u0131n\u0131n Atman, Barka, Malzume, Tel Mutavvak, Anhel ve Neva\u2019da Sanayi Enstit\u00fcs\u00fc \u00e7evresinde ter\u00f6ristlerin toplanma yerlerini hedef almas\u0131 sonucunda \u00e7ok say\u0131da ter\u00f6risti \u00f6l\u00fc ve yaral\u0131 d\u00fc\u015f\u00fcrd\u00fcklerini belirtti.<\/p>\n<p>Kaynak, birliklerimizin el Hirak Beldesinden bir askeri noktaya do\u011fru bir ter\u00f6rist grubun s\u0131zma giri\u015fimlerini \u00e7\u00f6kerterek t\u00fcm elemanlar\u0131n\u0131 \u00f6l\u00fc ve yaral\u0131 d\u00fc\u015f\u00fcrd\u00fcklerini s\u00f6yledi.<\/p>\n<p><span style=\"color: #0000ff\">Homs K\u0131rsal\u0131nda Ter\u00f6r H\u00fccreleri Hedef Al\u0131nd\u0131<\/span><\/p>\n<p>Askeri kaynak, ordu birliklerimizin Hule k\u0131rsal\u0131 Akrep, Tedmur el \u015eecere Mezraas\u0131, Deyr Ful, Zalane Da\u011f\u0131, Telbise ve Karyeteyn\u2019in kuzeyinde ter\u00f6ristlerin toplanma yerleri ve h\u00fccrelerini hedef almas\u0131 sonucunda \u00e7ok say\u0131da ter\u00f6risti \u00f6l\u00fc ve yal\u0131 d\u00fc\u015f\u00fcrerek Homs k\u0131rsal\u0131 Ganto\u2019da i\u00e7indeki ter\u00f6ristlerle birlikte bir ara\u00e7lar\u0131n\u0131 da etkisiz hale getirdiklerini s\u00f6yledi.<\/p>\n<p>&nbsp;<\/p>\n","protected":false},"excerpt":{"rendered":"<p>\u0130LLER \u2013 Kahraman ordu birliklerimizin vatan ve vatanda\u015flar\u0131 koruma yolunda silahl\u0131 ter\u00f6r gruplar\u0131na y\u00f6nelik operasyonlar\u0131n\u0131 ba\u015far\u0131yla s\u00fcrd\u00fcr\u00fcyor. Operasyonlarda aralar\u0131nda yabanc\u0131 uyruklu eleba\u015flar\u0131n\u0131n bulundu\u011fu \u00e7ok say\u0131da ter\u00f6rist \u00f6ld\u00fcr\u00fcld\u00fc su\u00e7 edatlar\u0131 da imha edildi. \u015eam K\u0131rsal\u0131nda Ter\u00f6ristler A\u011f\u0131r Silahlar\u0131yla Etkisiz Hale Getirildi Askeri kaynak SANA muhabirine a\u00e7\u0131klamas\u0131nda, ordu ve silahl\u0131 kuvvetlerimize tabi birliklerin \u015eam K\u0131rsal\u0131 Han el &hellip;<\/p>\n","protected":false},"author":1,"featured_media":6540,"comment_status":"closed","ping_status":"closed","sticky":false,"template":"","format":"standard","meta":{"footnotes":""},"categories":[575],"tags":[1458],"class_list":["post-6537","post","type-post","status-publish","format-standard","has-post-thumbnail","","category-olaylar-ve-gercekler","tag-terorle-mucadele-kararlilikla-surduruluyor"],"_links":{"self":[{"href":"https:\/\/archive.sana.sy\/tr\/index.php?rest_route=\/wp\/v2\/posts\/6537","targetHints":{"allow":["GET"]}}],"collection":[{"href":"https:\/\/archive.sana.sy\/tr\/index.php?rest_route=\/wp\/v2\/posts"}],"about":[{"href":"https:\/\/archive.sana.sy\/tr\/index.php?rest_route=\/wp\/v2\/types\/post"}],"author":[{"embeddable":true,"href":"https:\/\/archive.sana.sy\/tr\/index.php?rest_route=\/wp\/v2\/users\/1"}],"replies":[{"embeddable":true,"href":"https:\/\/archive.sana.sy\/tr\/index.php?rest_route=%2Fwp%2Fv2%2Fcomments&post=6537"}],"version-history":[{"count":0,"href":"https:\/\/archive.sana.sy\/tr\/index.php?rest_route=\/wp\/v2\/posts\/6537\/revisions"}],"wp:featuredmedia":[{"embeddable":true,"href":"https:\/\/archive.sana.sy\/tr\/index.php?rest_route=\/wp\/v2\/media\/6540"}],"wp:attachment":[{"href":"https:\/\/archive.sana.sy\/tr\/index.php?rest_route=%2Fwp%2Fv2%2Fmedia&parent=6537"}],"wp:term":[{"taxonomy":"category","embeddable":true,"href":"https:\/\/archive.sana.sy\/tr\/index.php?rest_route=%2Fwp%2Fv2%2Fcategories&post=6537"},{"taxonomy":"post_tag","embeddable":true,"href":"https:\/\/archive.sana.sy\/tr\/index.php?rest_route=%2Fwp%2Fv2%2Ftags&post=6537"}],"curies":[{"name":"wp","href":"https:\/\/api.w.org\/{rel}","templated":true}]}}