{"id":65418,"date":"2016-03-18T14:03:20","date_gmt":"2016-03-18T12:03:20","guid":{"rendered":"http:\/\/sana.sy\/tr\/?p=65418"},"modified":"2016-03-19T16:37:08","modified_gmt":"2016-03-19T14:37:08","slug":"vatan-koruyucularimiz-isidi-agir-kayiplara-ugratmaya-devam-ediyor%e2%80%8f","status":"publish","type":"post","link":"https:\/\/archive.sana.sy\/tr\/?p=65418","title":{"rendered":"Vatan Koruyucular\u0131m\u0131z I\u015e\u0130D&#8217;i A\u011f\u0131r Kay\u0131plara U\u011fratmaya Devam Ediyor\u200f (video)"},"content":{"rendered":"<p>\u0130LLER \u2013 Saha kaynaklar\u0131 ordu birliklerimizin muhtelif b\u00f6lgelerde I\u015e\u0130D ve Nusra Cephesine y\u00f6nelik operasyonlar\u0131n\u0131 s\u00fcrd\u00fcrd\u00fcklerini ve ter\u00f6ristleri kay\u0131plara u\u011fratmaya devam ettiklerini belirtti.<\/p>\n<p><span style=\"color: #0000ff\">HAMA:<\/span><\/p>\n<p>SANA\u2019ya a\u00e7\u0131klama yapan askeri kaynak; ordu birliklerimizin Hama Kentinin yakla\u015f\u0131k 110 km do\u011fusuna d\u00fc\u015fen Izeyb Vadisinde I\u015e\u0130D \u00d6rg\u00fct\u00fcn\u00fcn mevki ve karargahlar\u0131n\u0131 hedef ald\u0131klar\u0131n\u0131 belirtti. Kaynak operasyonda a\u011f\u0131r makineli silahla donat\u0131lm\u0131\u015f bir arac\u0131n imha edildi\u011fini ve bir\u00e7ok ter\u00f6ristin \u00f6ld\u00fcr\u00fcld\u00fc\u011f\u00fcn\u00fc aktard\u0131.<\/p>\n<p>Ordu birliklerimizin Halk Savunma G\u00fc\u00e7leriyle i\u015fbirli\u011fi i\u00e7inde Hama iline tabi Selemiye Kentinin yakla\u015f\u0131k 20 km do\u011fusuna d\u00fc\u015fen Mfekker K\u00f6y\u00fcn\u00fcn kuzeydo\u011fusunda askeri noktalara sald\u0131ran I\u015e\u0130D tekfircilerine ba\u015far\u0131yla kar\u015f\u0131 koyduklar\u0131n\u0131 s\u00f6yleyen kaynak; sald\u0131rganlar\u0131n genelinin \u00f6l\u00fc yaral\u0131 ele ge\u00e7irildiklerini belirtti. Kaynak ayn\u0131 zamanda a\u011f\u0131r silahla donat\u0131lm\u0131\u015f bir arac\u0131n yan\u0131 s\u0131ra cephane ve ter\u00f6rist y\u00fckl\u00fc bir arac\u0131n da imha edildi\u011fini s\u00f6zlerine ekledi.<\/p>\n<p><span style=\"color: #0000ff\">DEYREZZOR:<\/span><\/p>\n<p>Di\u011fer yandan Deyrezzor\u2019da askeri bir kaynak ordu birliklerimizin I\u015e\u0130D\u2019e kar\u015f\u0131 operasyonlar\u0131n\u0131 s\u00fcrd\u00fcrd\u00fcklerini aktar\u0131rken, son 24 saat i\u00e7inde ger\u00e7ekle\u015ftirdikleri operasyonlarda Deyrezzor Kentinin yakla\u015f\u0131k 7 km do\u011fusuna d\u00fc\u015fen Cafra B\u00f6lgesinde \u00e7ok say\u0131da tekfirciyle birlikte Deyrezzor Askeri Havaliman\u0131 ve sivil yerle\u015fim alanlar\u0131na sald\u0131r\u0131lar\u0131nda kulland\u0131klar\u0131 bir k\u0131s\u0131m havan toplar\u0131n\u0131n imha edildi\u011fini belirtti.<\/p>\n<p>Kaynak Deyrezzor Kentinin g\u00fcney kenarlar\u0131nda Tedmur\u2019a giden uluslar aras\u0131 otoban \u00fczerinde I\u015e\u0130D\u2019e ait bir dizi mevki ve arac\u0131 muhtevalar\u0131yla imha ettiklerini aktard\u0131.<\/p>\n<p><span style=\"color: #0000ff\">HOMS:<\/span><\/p>\n<p>Saha kaynaklar\u0131 ordu birliklerimizin Homs k\u0131rsal\u0131n\u0131n do\u011fusunda hava g\u00fc\u00e7lerimizin deste\u011fi ile s\u00fcrd\u00fcrd\u00fckleri operasyonlar\u0131nda I\u015e\u0130D\u2019li onlarca tekfircinin \u00f6ld\u00fcr\u00fclmesi ard\u0131ndan Tedmur Kentinin kuzeybat\u0131s\u0131na d\u00fc\u015fen Temsil B\u00f6lgesi yak\u0131nlar\u0131nda stratejik \u00f6neme sahip Ireyn Tepesini kontrollerine ge\u00e7irdiklerini belirtti.<\/p>\n<p>Kaynaklar Tedmur\u2019un bat\u0131s\u0131 Heyyal s\u0131rada\u011flar\u0131n\u0131n 900 Tepesi civar\u0131nda bulunan I\u015e\u0130D karargahlar\u0131 ve hareketlenmelerinin hedef al\u0131nmas\u0131yla aralar\u0131nda tehlikeli isimlerin bulundu\u011fu y\u00fcksek say\u0131da tekfircinin \u00f6ld\u00fcr\u00fcld\u00fc\u011f\u00fcn\u00fc aktard\u0131.<\/p>\n<p>https:\/\/www.youtube.com\/watch?v=-DkvR2TS9bA<\/p>\n<p>M.M.<\/p>\n","protected":false},"excerpt":{"rendered":"<p>\u0130LLER \u2013 Saha kaynaklar\u0131 ordu birliklerimizin muhtelif b\u00f6lgelerde I\u015e\u0130D ve Nusra Cephesine y\u00f6nelik operasyonlar\u0131n\u0131 s\u00fcrd\u00fcrd\u00fcklerini ve ter\u00f6ristleri kay\u0131plara u\u011fratmaya devam ettiklerini belirtti. HAMA: SANA\u2019ya a\u00e7\u0131klama yapan askeri kaynak; ordu birliklerimizin Hama Kentinin yakla\u015f\u0131k 110 km do\u011fusuna d\u00fc\u015fen Izeyb Vadisinde I\u015e\u0130D \u00d6rg\u00fct\u00fcn\u00fcn mevki ve karargahlar\u0131n\u0131 hedef ald\u0131klar\u0131n\u0131 belirtti. Kaynak operasyonda a\u011f\u0131r makineli silahla donat\u0131lm\u0131\u015f bir arac\u0131n &hellip;<\/p>\n","protected":false},"author":1,"featured_media":56503,"comment_status":"closed","ping_status":"closed","sticky":false,"template":"","format":"standard","meta":{"footnotes":""},"categories":[575],"tags":[18237,2318,16829,18674,11549,12155,17320],"class_list":["post-65418","post","type-post","status-publish","format-standard","has-post-thumbnail","","category-olaylar-ve-gercekler","tag-cihatcilar","tag-isid","tag-palmira","tag-silahli-muhalifler","tag-suriye-ordusu","tag-tedmur","tag-tekfirciler"],"_links":{"self":[{"href":"https:\/\/archive.sana.sy\/tr\/index.php?rest_route=\/wp\/v2\/posts\/65418","targetHints":{"allow":["GET"]}}],"collection":[{"href":"https:\/\/archive.sana.sy\/tr\/index.php?rest_route=\/wp\/v2\/posts"}],"about":[{"href":"https:\/\/archive.sana.sy\/tr\/index.php?rest_route=\/wp\/v2\/types\/post"}],"author":[{"embeddable":true,"href":"https:\/\/archive.sana.sy\/tr\/index.php?rest_route=\/wp\/v2\/users\/1"}],"replies":[{"embeddable":true,"href":"https:\/\/archive.sana.sy\/tr\/index.php?rest_route=%2Fwp%2Fv2%2Fcomments&post=65418"}],"version-history":[{"count":0,"href":"https:\/\/archive.sana.sy\/tr\/index.php?rest_route=\/wp\/v2\/posts\/65418\/revisions"}],"wp:featuredmedia":[{"embeddable":true,"href":"https:\/\/archive.sana.sy\/tr\/index.php?rest_route=\/wp\/v2\/media\/56503"}],"wp:attachment":[{"href":"https:\/\/archive.sana.sy\/tr\/index.php?rest_route=%2Fwp%2Fv2%2Fmedia&parent=65418"}],"wp:term":[{"taxonomy":"category","embeddable":true,"href":"https:\/\/archive.sana.sy\/tr\/index.php?rest_route=%2Fwp%2Fv2%2Fcategories&post=65418"},{"taxonomy":"post_tag","embeddable":true,"href":"https:\/\/archive.sana.sy\/tr\/index.php?rest_route=%2Fwp%2Fv2%2Ftags&post=65418"}],"curies":[{"name":"wp","href":"https:\/\/api.w.org\/{rel}","templated":true}]}}