{"id":6542,"date":"2014-08-05T14:07:15","date_gmt":"2014-08-05T11:07:15","guid":{"rendered":"http:\/\/www.sana.sy\/tr\/?p=6542"},"modified":"2016-10-19T14:48:26","modified_gmt":"2016-10-19T11:48:26","slug":"agir-yenilgilerinin-hincini-vatandaslardan-almaya-calisiyorlar","status":"publish","type":"post","link":"https:\/\/archive.sana.sy\/tr\/?p=6542","title":{"rendered":"A\u011f\u0131r Yenilgilerinin H\u0131nc\u0131n\u0131 Vatanda\u015flardan Almaya \u00c7al\u0131\u015f\u0131yorlar"},"content":{"rendered":"<p>\u0130LLER \u2013 Hain ve gaddar ter\u00f6r \u00e7eteleri ordu birliklerimizin a\u011f\u0131r darbeleri alt\u0131nda yenilgi ve kay\u0131plar\u0131n\u0131 hazmedemeyip sivil b\u00f6lgelere k\u00f6r sald\u0131r\u0131lar\u0131n\u0131 s\u00fcrd\u00fcr\u00fcyor.<\/p>\n<p>Hama Emniyet M\u00fcd\u00fcrl\u00fc\u011f\u00fcnde yetkili bir kaynak ter\u00f6r \u00e7etelerinin bug\u00fcn Hama k\u0131rsal\u0131n\u0131n Akrab Beldesinden Barin Beldesindeki sivil evleri 7 roketle hedef ald\u0131klar\u0131n\u0131 s\u00f6yledi. Kaynak sald\u0131r\u0131larda biri a\u011f\u0131r olmak \u00fczere iki vatanda\u015f\u0131n yaraland\u0131\u011f\u0131n\u0131, sivil evlerin de maddi hasara u\u011frad\u0131\u011f\u0131n\u0131 ifade etti.<\/p>\n<p>Ter\u00f6r \u00e7etelerinin yine Hama k\u0131rsal\u0131nda Taura Beldesindeki sivil evleri 5 roketle hedef ald\u0131klar\u0131n\u0131 aktar\u0131rken, burada sadece maddi hasarlar\u0131n olu\u015ftu\u011funu ekledi.<\/p>\n<p>\u015eam Emniyet M\u00fcd\u00fcrl\u00fc\u011f\u00fcnde bir kaynak ise ter\u00f6ristlerin f\u0131rlatt\u0131klar\u0131 bir havan mermisinin \u015eam k\u0131rsal\u0131 D\u00fcveylia Beldesinde \u00d6mer Bin el Hattap Camii yak\u0131nlar\u0131na d\u00fc\u015fmesi neticesinde bir vatanda\u015f\u0131n \u015fehit, bir di\u011fer vatanda\u015f\u0131n da yaral\u0131 d\u00fc\u015ft\u00fc\u011f\u00fcn\u00fc belirtti.<\/p>\n<p>Kaynak ter\u00f6ristlerin f\u0131rlatt\u0131klar\u0131 bir di\u011fer havan mermisinin Hamidiye\u2019nin Sammadiye B\u00f6lgesindeki el Cerrah Camii yak\u0131nlar\u0131na d\u00fc\u015ft\u00fc\u011f\u00fcn\u00fc, bunun sonucunda da bir kad\u0131n\u0131n yaraland\u0131\u011f\u0131n\u0131 aktard\u0131.<\/p>\n<p><span style=\"color: #0000ff\">Haseke\u2019de 1 \u015eehit, 3 Yaral\u0131<\/span><\/p>\n<p>\u00d6te yandan Haseke \u0130L Emniyet M\u00fcd\u00fcrl\u00fc\u011f\u00fcnde yetkili bir kaynak ter\u00f6ristlerin bug\u00fcn kent merkezini bir dizi havan mermisiyle hedef ald\u0131klar\u0131n\u0131 ifade etti.<\/p>\n<p>Kaynak sald\u0131r\u0131lar sonucunda bir bayan\u0131n \u015fehit, \u00fc\u00e7 vatanda\u015f\u0131n da yaral\u0131 d\u00fc\u015ft\u00fcklerini, vatanda\u015flar\u0131n m\u00fclklerinde de maddi hasar\u0131n olu\u015ftu\u011funu belirtti.<\/p>\n<p>&nbsp;<\/p>\n","protected":false},"excerpt":{"rendered":"<p>\u0130LLER \u2013 Hain ve gaddar ter\u00f6r \u00e7eteleri ordu birliklerimizin a\u011f\u0131r darbeleri alt\u0131nda yenilgi ve kay\u0131plar\u0131n\u0131 hazmedemeyip sivil b\u00f6lgelere k\u00f6r sald\u0131r\u0131lar\u0131n\u0131 s\u00fcrd\u00fcr\u00fcyor. Hama Emniyet M\u00fcd\u00fcrl\u00fc\u011f\u00fcnde yetkili bir kaynak ter\u00f6r \u00e7etelerinin bug\u00fcn Hama k\u0131rsal\u0131n\u0131n Akrab Beldesinden Barin Beldesindeki sivil evleri 7 roketle hedef ald\u0131klar\u0131n\u0131 s\u00f6yledi. Kaynak sald\u0131r\u0131larda biri a\u011f\u0131r olmak \u00fczere iki vatanda\u015f\u0131n yaraland\u0131\u011f\u0131n\u0131, sivil evlerin de &hellip;<\/p>\n","protected":false},"author":1,"featured_media":86033,"comment_status":"closed","ping_status":"closed","sticky":false,"template":"","format":"standard","meta":{"footnotes":""},"categories":[575,17988],"tags":[1459],"class_list":["post-6542","post","type-post","status-publish","format-standard","has-post-thumbnail","","category-olaylar-ve-gercekler","category-son-haberler","tag-agir-yenilgilerinin-hincini-vatandaslardan-almaya-calisiyorlar"],"_links":{"self":[{"href":"https:\/\/archive.sana.sy\/tr\/index.php?rest_route=\/wp\/v2\/posts\/6542","targetHints":{"allow":["GET"]}}],"collection":[{"href":"https:\/\/archive.sana.sy\/tr\/index.php?rest_route=\/wp\/v2\/posts"}],"about":[{"href":"https:\/\/archive.sana.sy\/tr\/index.php?rest_route=\/wp\/v2\/types\/post"}],"author":[{"embeddable":true,"href":"https:\/\/archive.sana.sy\/tr\/index.php?rest_route=\/wp\/v2\/users\/1"}],"replies":[{"embeddable":true,"href":"https:\/\/archive.sana.sy\/tr\/index.php?rest_route=%2Fwp%2Fv2%2Fcomments&post=6542"}],"version-history":[{"count":0,"href":"https:\/\/archive.sana.sy\/tr\/index.php?rest_route=\/wp\/v2\/posts\/6542\/revisions"}],"wp:featuredmedia":[{"embeddable":true,"href":"https:\/\/archive.sana.sy\/tr\/index.php?rest_route=\/wp\/v2\/media\/86033"}],"wp:attachment":[{"href":"https:\/\/archive.sana.sy\/tr\/index.php?rest_route=%2Fwp%2Fv2%2Fmedia&parent=6542"}],"wp:term":[{"taxonomy":"category","embeddable":true,"href":"https:\/\/archive.sana.sy\/tr\/index.php?rest_route=%2Fwp%2Fv2%2Fcategories&post=6542"},{"taxonomy":"post_tag","embeddable":true,"href":"https:\/\/archive.sana.sy\/tr\/index.php?rest_route=%2Fwp%2Fv2%2Ftags&post=6542"}],"curies":[{"name":"wp","href":"https:\/\/api.w.org\/{rel}","templated":true}]}}