{"id":65437,"date":"2016-03-18T16:47:20","date_gmt":"2016-03-18T14:47:20","guid":{"rendered":"http:\/\/sana.sy\/tr\/?p=65437"},"modified":"2016-03-19T15:53:03","modified_gmt":"2016-03-19T13:53:03","slug":"yurtici-muhalefeti-de-mistura-ile-gorustu","status":"publish","type":"post","link":"https:\/\/archive.sana.sy\/tr\/?p=65437","title":{"rendered":"Yurti\u00e7i Muhalefeti de Mistura ile G\u00f6r\u00fc\u015ft\u00fc"},"content":{"rendered":"<p>CENEVRE \u2013 BM genel sekreterinin Suriye \u00f6zel temsilcisi Staffan de Mistura bug\u00fcn Suriyeli yurti\u00e7i muhalefet heyetiyle Cenevre&#8217;deki BM binas\u0131nda bir araya geldi.<\/p>\n<p>Toplant\u0131 ard\u0131ndan SANA\u2019ya a\u00e7\u0131klama yapan yurti\u00e7i muhalefet heyeti \u00fcyesi \u015eeyh Nevvaf el Mulhim de M\u0130stura\u2019n\u0131n, yurti\u00e7i ve yurtd\u0131\u015f\u0131 Suriye muhalefetinden olduk\u00e7a geni\u015f kesimin diyalog g\u00f6r\u00fc\u015fmelerinde yer almalar\u0131na \u00e7al\u0131\u015ft\u0131\u011f\u0131n\u0131 ifade etti\u011fini aktard\u0131. \u015eeyh Mulhim diyalogun Suriye&#8217;deki krizin siyasi \u00e7\u00f6z\u00fcm\u00fcne katk\u0131 sa\u011flamas\u0131 i\u00e7in BM\u2019yi g\u00f6r\u00fc\u015fmelere ciddi bir \u00f6nem vermesine \u00e7a\u011f\u0131rd\u0131.<\/p>\n<p>Yurti\u00e7i muhalefet heyeti \u00fcyesi S\u00fcheyr Sermini ise benzer a\u00e7\u0131klamada; yurti\u00e7i muhalefet heyetinin BM binas\u0131nda de Mistura ile g\u00f6r\u00fc\u015fmeye davet edilmesini olumlu bir ad\u0131m olarak nitelendirdi.<\/p>\n<p>Sermini yurti\u00e7i muhalefetin Suriye&#8217;de ya\u015fanlar\u0131 daha iyi bildiklerine dikkat \u00e7ekerek, dolay\u0131s\u0131yla diyalog g\u00f6r\u00fc\u015fmelerinde bulunmas\u0131n\u0131n ciddi bir gereklilik ta\u015f\u0131d\u0131\u011f\u0131n\u0131 ifade etti.<\/p>\n<p>Suriye Demokrat Partisi Genel Sekreteri Ahmet Kusa ise de Mistura ile olumlu ve yap\u0131c\u0131 g\u00f6r\u00fc\u015fmelerin daha ba\u015fka g\u00f6r\u00fc\u015fme turlar\u0131na te\u015fvik olu\u015fturaca\u011f\u0131n\u0131 s\u00f6yledi. Kusa yurti\u00e7i muhalefet heyetinin Suriye&#8217;de t\u00fcm muhalif kesimleri kapsad\u0131\u011f\u0131na vurgu yapt\u0131.<\/p>\n<p>Suriye halk\u0131n\u0131n kesinlikle vatan topraklar\u0131n\u0131n b\u00f6l\u00fcnmesini kabul etmeyece\u011fini vurgulayan Kusa; hi\u00e7 kimsenin tek tarafl\u0131 olarak b\u00f6yle bir karar alma hakk\u0131n\u0131n bulunmad\u0131\u011f\u0131n\u0131 s\u00f6yledi. Kusa Suriye&#8217;nin gelece\u011finin tamamen t\u00fcm Suriyeliler aras\u0131nda egemenlik temelinde diyalogla belirlenece\u011fini, bu diyalogda her t\u00fcrl\u00fc meselenin tart\u0131\u015fmaya a\u00e7\u0131k oldu\u011funu s\u00f6zlerine ekledi.<\/p>\n","protected":false},"excerpt":{"rendered":"<p>CENEVRE \u2013 BM genel sekreterinin Suriye \u00f6zel temsilcisi Staffan de Mistura bug\u00fcn Suriyeli yurti\u00e7i muhalefet heyetiyle Cenevre&#8217;deki BM binas\u0131nda bir araya geldi. Toplant\u0131 ard\u0131ndan SANA\u2019ya a\u00e7\u0131klama yapan yurti\u00e7i muhalefet heyeti \u00fcyesi \u015eeyh Nevvaf el Mulhim de M\u0130stura\u2019n\u0131n, yurti\u00e7i ve yurtd\u0131\u015f\u0131 Suriye muhalefetinden olduk\u00e7a geni\u015f kesimin diyalog g\u00f6r\u00fc\u015fmelerinde yer almalar\u0131na \u00e7al\u0131\u015ft\u0131\u011f\u0131n\u0131 ifade etti\u011fini aktard\u0131. \u015eeyh Mulhim &hellip;<\/p>\n","protected":false},"author":1,"featured_media":65438,"comment_status":"closed","ping_status":"closed","sticky":false,"template":"","format":"standard","meta":{"footnotes":""},"categories":[458,459,17988],"tags":[19915],"class_list":["post-65437","post","type-post","status-publish","format-standard","has-post-thumbnail","","category-dunya1","category-haberler-arap-uluslararasi-politika","category-son-haberler","tag-yurtici-muhalefeti-de-mistura-ile-gorustu"],"_links":{"self":[{"href":"https:\/\/archive.sana.sy\/tr\/index.php?rest_route=\/wp\/v2\/posts\/65437","targetHints":{"allow":["GET"]}}],"collection":[{"href":"https:\/\/archive.sana.sy\/tr\/index.php?rest_route=\/wp\/v2\/posts"}],"about":[{"href":"https:\/\/archive.sana.sy\/tr\/index.php?rest_route=\/wp\/v2\/types\/post"}],"author":[{"embeddable":true,"href":"https:\/\/archive.sana.sy\/tr\/index.php?rest_route=\/wp\/v2\/users\/1"}],"replies":[{"embeddable":true,"href":"https:\/\/archive.sana.sy\/tr\/index.php?rest_route=%2Fwp%2Fv2%2Fcomments&post=65437"}],"version-history":[{"count":0,"href":"https:\/\/archive.sana.sy\/tr\/index.php?rest_route=\/wp\/v2\/posts\/65437\/revisions"}],"wp:featuredmedia":[{"embeddable":true,"href":"https:\/\/archive.sana.sy\/tr\/index.php?rest_route=\/wp\/v2\/media\/65438"}],"wp:attachment":[{"href":"https:\/\/archive.sana.sy\/tr\/index.php?rest_route=%2Fwp%2Fv2%2Fmedia&parent=65437"}],"wp:term":[{"taxonomy":"category","embeddable":true,"href":"https:\/\/archive.sana.sy\/tr\/index.php?rest_route=%2Fwp%2Fv2%2Fcategories&post=65437"},{"taxonomy":"post_tag","embeddable":true,"href":"https:\/\/archive.sana.sy\/tr\/index.php?rest_route=%2Fwp%2Fv2%2Ftags&post=65437"}],"curies":[{"name":"wp","href":"https:\/\/api.w.org\/{rel}","templated":true}]}}