{"id":6545,"date":"2014-08-05T14:14:56","date_gmt":"2014-08-05T11:14:56","guid":{"rendered":"http:\/\/www.sana.sy\/tr\/?p=6545"},"modified":"2014-08-05T14:14:56","modified_gmt":"2014-08-05T11:14:56","slug":"homsta-21-kisinin-kanuni-durumlari-duzeltildi","status":"publish","type":"post","link":"https:\/\/archive.sana.sy\/tr\/?p=6545","title":{"rendered":"Homs\u2019ta 21 Ki\u015finin Kanuni Durumlar\u0131 D\u00fczeltildi"},"content":{"rendered":"<p>HOMS \u2013 Homs Valili\u011finde yetkili bir kaynak bug\u00fcn Homs Kentinin Deyr Bialba, Baba Amro ve Bab el Dreyb semtlerinin yan\u0131 s\u0131ra k\u0131rsala d\u00fc\u015fen Ksayr Kenti ve el Daia K\u00f6y\u00fcnden silahlar\u0131yla teslim olan 21 ki\u015finin kanuni durumlar\u0131n\u0131n d\u00fczeltildi\u011fini belirtti.<\/p>\n<p>Kaynak ulusal uzla\u015fma komitelerinin i\u015fbirli\u011fi ile harcanan \u00e7abalar sonucunda teslim olan s\u00f6z konusu ki\u015filer yeniden ulusal g\u00fcvenli\u011fi sarsacak eylemlere kat\u0131lmama taahh\u00fcd\u00fc imzalamalar\u0131 ard\u0131ndan serbest b\u0131rak\u0131ld\u0131klar\u0131n\u0131 ifade etti.<\/p>\n","protected":false},"excerpt":{"rendered":"<p>HOMS \u2013 Homs Valili\u011finde yetkili bir kaynak bug\u00fcn Homs Kentinin Deyr Bialba, Baba Amro ve Bab el Dreyb semtlerinin yan\u0131 s\u0131ra k\u0131rsala d\u00fc\u015fen Ksayr Kenti ve el Daia K\u00f6y\u00fcnden silahlar\u0131yla teslim olan 21 ki\u015finin kanuni durumlar\u0131n\u0131n d\u00fczeltildi\u011fini belirtti. Kaynak ulusal uzla\u015fma komitelerinin i\u015fbirli\u011fi ile harcanan \u00e7abalar sonucunda teslim olan s\u00f6z konusu ki\u015filer yeniden ulusal g\u00fcvenli\u011fi &hellip;<\/p>\n","protected":false},"author":1,"featured_media":6546,"comment_status":"closed","ping_status":"closed","sticky":false,"template":"","format":"standard","meta":{"footnotes":""},"categories":[575],"tags":[1460],"class_list":["post-6545","post","type-post","status-publish","format-standard","has-post-thumbnail","","category-olaylar-ve-gercekler","tag-homsta-21-kisinin-kanuni-durumlari-duzeltildi"],"_links":{"self":[{"href":"https:\/\/archive.sana.sy\/tr\/index.php?rest_route=\/wp\/v2\/posts\/6545","targetHints":{"allow":["GET"]}}],"collection":[{"href":"https:\/\/archive.sana.sy\/tr\/index.php?rest_route=\/wp\/v2\/posts"}],"about":[{"href":"https:\/\/archive.sana.sy\/tr\/index.php?rest_route=\/wp\/v2\/types\/post"}],"author":[{"embeddable":true,"href":"https:\/\/archive.sana.sy\/tr\/index.php?rest_route=\/wp\/v2\/users\/1"}],"replies":[{"embeddable":true,"href":"https:\/\/archive.sana.sy\/tr\/index.php?rest_route=%2Fwp%2Fv2%2Fcomments&post=6545"}],"version-history":[{"count":0,"href":"https:\/\/archive.sana.sy\/tr\/index.php?rest_route=\/wp\/v2\/posts\/6545\/revisions"}],"wp:featuredmedia":[{"embeddable":true,"href":"https:\/\/archive.sana.sy\/tr\/index.php?rest_route=\/wp\/v2\/media\/6546"}],"wp:attachment":[{"href":"https:\/\/archive.sana.sy\/tr\/index.php?rest_route=%2Fwp%2Fv2%2Fmedia&parent=6545"}],"wp:term":[{"taxonomy":"category","embeddable":true,"href":"https:\/\/archive.sana.sy\/tr\/index.php?rest_route=%2Fwp%2Fv2%2Fcategories&post=6545"},{"taxonomy":"post_tag","embeddable":true,"href":"https:\/\/archive.sana.sy\/tr\/index.php?rest_route=%2Fwp%2Fv2%2Ftags&post=6545"}],"curies":[{"name":"wp","href":"https:\/\/api.w.org\/{rel}","templated":true}]}}