{"id":65450,"date":"2016-03-18T10:19:58","date_gmt":"2016-03-18T08:19:58","guid":{"rendered":"http:\/\/sana.sy\/tr\/?p=65450"},"modified":"2016-03-19T15:53:22","modified_gmt":"2016-03-19T13:53:22","slug":"abdullehyan-de-mistura-ile-son-siyasi-gelismeleri-degerlendirdi","status":"publish","type":"post","link":"https:\/\/archive.sana.sy\/tr\/?p=65450","title":{"rendered":"Abd\u00fcllehyan de Mistura ile Son Siyasi Geli\u015fmeleri De\u011ferlendirdi"},"content":{"rendered":"<p>TAHRAN \u2013 \u0130ran D\u0131\u015fi\u015fleri Bakan\u0131 Yard\u0131mc\u0131s\u0131 H\u00fcseyin Emir Abd\u00fcllehyan bug\u00fcn BM genel sekreterinin Suriye \u00f6zel temsilcisi Staffan de Mistura ile bulundu\u011fu telefon g\u00f6r\u00fc\u015fmesinde Suriye&#8217;deki krize ili\u015fkin son siyasi geli\u015fmeleri g\u00f6r\u00fc\u015ft\u00fc.<\/p>\n<p>\u0130ranl\u0131 Irna Haber Ajans\u0131n\u0131n aktard\u0131\u011f\u0131 haberde Abd\u00fcllehyan; de Mistura\u2019\u0131n Suriye&#8217;deki krize siyasi \u00e7\u00f6z\u00fcm bulunmas\u0131 ve Cenevre&#8217;de Suriyeliler aras\u0131ndaki g\u00f6r\u00fc\u015fmelere ili\u015fkin harcad\u0131\u011f\u0131 \u00e7abalar\u0131 \u2018\u00f6nemli\u2019 olarak nitelendirdi.<\/p>\n<p>Abd\u00fcllehyan Suriyeliler aras\u0131ndaki diyalog g\u00f6r\u00fc\u015fmelerinde ter\u00f6rde bariz \u015fahsiyetlerin bulunmas\u0131n\u0131 ele\u015ftirirken bunun do\u011fru olmad\u0131\u011f\u0131n\u0131 s\u00f6yledi.<\/p>\n<p>Suriye&#8217;de insani yard\u0131mlar\u0131n \u0130dlib k\u0131rsal\u0131nda ter\u00f6r ablukas\u0131 alt\u0131ndaki Fua ve Kefrayya beldeleri ba\u015fta olmak \u00fczere Suriye&#8217;nin t\u00fcm b\u00f6lgelerine ula\u015ft\u0131r\u0131lmas\u0131 y\u00f6n\u00fcnde daha yo\u011fun \u00e7abalar harcanmas\u0131 gere\u011fini ifade eden Abd\u00fcllehyan; insani meselelerin politikle\u015ftirilmeden tarafs\u0131z bir \u015fekilde peki\u015ftirilmesi \u00e7a\u011fr\u0131s\u0131nda bulundu.<\/p>\n<p>Telefon g\u00f6r\u00fc\u015fmesinde de Mistura Cenevre g\u00f6r\u00fc\u015fmelerine ili\u015fkin ayr\u0131nt\u0131l\u0131 bilgi takdim ederken, g\u00f6r\u00fc\u015fme seyrini iyi ve olumlu olarak nitelendirdi.<\/p>\n","protected":false},"excerpt":{"rendered":"<p>TAHRAN \u2013 \u0130ran D\u0131\u015fi\u015fleri Bakan\u0131 Yard\u0131mc\u0131s\u0131 H\u00fcseyin Emir Abd\u00fcllehyan bug\u00fcn BM genel sekreterinin Suriye \u00f6zel temsilcisi Staffan de Mistura ile bulundu\u011fu telefon g\u00f6r\u00fc\u015fmesinde Suriye&#8217;deki krize ili\u015fkin son siyasi geli\u015fmeleri g\u00f6r\u00fc\u015ft\u00fc. \u0130ranl\u0131 Irna Haber Ajans\u0131n\u0131n aktard\u0131\u011f\u0131 haberde Abd\u00fcllehyan; de Mistura\u2019\u0131n Suriye&#8217;deki krize siyasi \u00e7\u00f6z\u00fcm bulunmas\u0131 ve Cenevre&#8217;de Suriyeliler aras\u0131ndaki g\u00f6r\u00fc\u015fmelere ili\u015fkin harcad\u0131\u011f\u0131 \u00e7abalar\u0131 \u2018\u00f6nemli\u2019 olarak nitelendirdi. &hellip;<\/p>\n","protected":false},"author":1,"featured_media":65451,"comment_status":"closed","ping_status":"closed","sticky":false,"template":"","format":"standard","meta":{"footnotes":""},"categories":[458,459,17988],"tags":[19916],"class_list":["post-65450","post","type-post","status-publish","format-standard","has-post-thumbnail","","category-dunya1","category-haberler-arap-uluslararasi-politika","category-son-haberler","tag-abdullehyan-de-mistura-ile-son-siyasi-gelismeleri-degerlendirdi"],"_links":{"self":[{"href":"https:\/\/archive.sana.sy\/tr\/index.php?rest_route=\/wp\/v2\/posts\/65450","targetHints":{"allow":["GET"]}}],"collection":[{"href":"https:\/\/archive.sana.sy\/tr\/index.php?rest_route=\/wp\/v2\/posts"}],"about":[{"href":"https:\/\/archive.sana.sy\/tr\/index.php?rest_route=\/wp\/v2\/types\/post"}],"author":[{"embeddable":true,"href":"https:\/\/archive.sana.sy\/tr\/index.php?rest_route=\/wp\/v2\/users\/1"}],"replies":[{"embeddable":true,"href":"https:\/\/archive.sana.sy\/tr\/index.php?rest_route=%2Fwp%2Fv2%2Fcomments&post=65450"}],"version-history":[{"count":0,"href":"https:\/\/archive.sana.sy\/tr\/index.php?rest_route=\/wp\/v2\/posts\/65450\/revisions"}],"wp:featuredmedia":[{"embeddable":true,"href":"https:\/\/archive.sana.sy\/tr\/index.php?rest_route=\/wp\/v2\/media\/65451"}],"wp:attachment":[{"href":"https:\/\/archive.sana.sy\/tr\/index.php?rest_route=%2Fwp%2Fv2%2Fmedia&parent=65450"}],"wp:term":[{"taxonomy":"category","embeddable":true,"href":"https:\/\/archive.sana.sy\/tr\/index.php?rest_route=%2Fwp%2Fv2%2Fcategories&post=65450"},{"taxonomy":"post_tag","embeddable":true,"href":"https:\/\/archive.sana.sy\/tr\/index.php?rest_route=%2Fwp%2Fv2%2Ftags&post=65450"}],"curies":[{"name":"wp","href":"https:\/\/api.w.org\/{rel}","templated":true}]}}