{"id":65463,"date":"2016-03-19T17:05:01","date_gmt":"2016-03-19T15:05:01","guid":{"rendered":"http:\/\/sana.sy\/tr\/?p=65463"},"modified":"2016-03-20T18:07:38","modified_gmt":"2016-03-20T16:07:38","slug":"el-esad-harrazi-ve-esligindeki-heyeti-kabul-etti","status":"publish","type":"post","link":"https:\/\/archive.sana.sy\/tr\/?p=65463","title":{"rendered":"Zafer, Daha Adil ve Dengeli Bir D\u00fcnya Sisteminin Kurulmas\u0131na Katk\u0131 Sa\u011flayacak"},"content":{"rendered":"<p>\u015eAM \u2013 Cumhurba\u015fkan\u0131 Be\u015f\u015far el Esad \u0130ran \u0130slami Devrim Lideri Ali Haminei\u2019nin ofisinde D\u0131\u015f \u0130li\u015fkiler Stratejik Meclisi Ba\u015fkan\u0131 Kemal Harrazi ve ona e\u015flik eden heyeti kabul etti.<\/p>\n<p>G\u00f6r\u00fc\u015fmede \u00f6zellikle \u00e7at\u0131\u015fmalar\u0131 durdurma anla\u015fmas\u0131n yan\u0131 s\u0131ra geni\u015fleyen ulusal uzla\u015fmalar ve Cenevre&#8217;de Suriyeliler aras\u0131ndaki dolayl\u0131 diyalog g\u00f6r\u00fc\u015fmeleri ba\u015fta olmak \u00fczere Suriye&#8217;deki son durumlar \u00fczerine odaklan\u0131ld\u0131.<\/p>\n<p>Harrazi gerek d\u0131\u015f g\u00fc\u00e7lerin destekledikleri tekfirci ter\u00f6r, gerekse siyasi s\u00fcrece ili\u015fkin \u00e7abalarda Suriye&#8217;ye deste\u011fin \u0130ran\u2019\u0131n sabit stratejik politikas\u0131n\u0131n temelini olu\u015fturdu\u011funu belirtti. \u0130ran\u2019\u0131n Suriye&#8217;yi hedef alan bu evrensel h\u0131r\u00e7\u0131n sava\u015f\u0131n direni\u015f eksenindeki kilit rol\u00fcn\u00fc hedef ald\u0131\u011f\u0131n\u0131 idrak etmi\u015f oldu\u011funa i\u015faret eden Harrazi, \u00fclkesinin buna izin vermesinin m\u00fcmk\u00fcn olmad\u0131\u011f\u0131na i\u015faret etti.<\/p>\n<p>El Esad ise g\u00f6r\u00fc\u015fmede ba\u015fta Rusya ve \u0130ran olmak \u00fczere dost devletlerin Suriye&#8217;ye askeri ve siyasi desteklerinin Suriyelilerin ter\u00f6re kar\u015f\u0131 y\u00fcr\u00fctt\u00fckleri direni\u015flerinin peki\u015fmesinde faal bir katk\u0131da bulundu\u011funu s\u00f6yledi. Bu deste\u011fin Suriye&#8217;nin bir\u00e7ok b\u00f6lgesinde g\u00fcvenlik ve istikrar\u0131n sa\u011flanmas\u0131na da katk\u0131 sa\u011flad\u0131\u011f\u0131na dikkat \u00e7eken el Esad; bu g\u00fcvenlik ve istikrar\u0131n Suriyelilerin vatanlar\u0131n\u0131n ve kendi geleceklerini kendi elleriyle kararla\u015ft\u0131rmalar\u0131na olanak sa\u011flad\u0131\u011f\u0131n\u0131 ifade etti.<\/p>\n<p>El Esad Suriye halk\u0131 ve m\u00fcttefiklerinin bu sava\u015fta kazanacaklar\u0131 zaferin; b\u00f6lge halklar\u0131n\u0131n iradesi ve \u00e7\u0131karlar\u0131yla \u00e7eli\u015fen s\u00f6m\u00fcr\u00fcc\u00fc ve hegemonyac\u0131 Bat\u0131l\u0131 devletlerin yan\u0131 s\u0131ra b\u00f6lgedeki i\u015fbirlik\u00e7ilerine kar\u015f\u0131 m\u00fccadelede daha adil ve daha dengeli bir d\u00fcnya sistemin kurulmas\u0131na katk\u0131 sa\u011flayaca\u011f\u0131n\u0131n alt\u0131n\u0131 \u00e7izdi.<\/p>\n<div id='gallery-1' class='gallery galleryid-65463 gallery-columns-2 gallery-size-medium'><figure class='gallery-item'>\n\t\t\t<div class='gallery-icon landscape'>\n\t\t\t\t<a href='https:\/\/archive.sana.sy\/tr\/wp-content\/uploads\/2016\/03\/el-Esad-3-1.jpg'><img loading=\"lazy\" decoding=\"async\" width=\"300\" height=\"121\" src=\"https:\/\/archive.sana.sy\/tr\/wp-content\/uploads\/2016\/03\/el-Esad-3-1-300x121.jpg\" class=\"attachment-medium size-medium\" alt=\"\" srcset=\"https:\/\/archive.sana.sy\/tr\/wp-content\/uploads\/2016\/03\/el-Esad-3-1-300x121.jpg 300w, https:\/\/archive.sana.sy\/tr\/wp-content\/uploads\/2016\/03\/el-Esad-3-1-150x60.jpg 150w, https:\/\/archive.sana.sy\/tr\/wp-content\/uploads\/2016\/03\/el-Esad-3-1-768x309.jpg 768w, https:\/\/archive.sana.sy\/tr\/wp-content\/uploads\/2016\/03\/el-Esad-3-1-1024x412.jpg 1024w\" sizes=\"auto, (max-width: 300px) 100vw, 300px\" \/><\/a>\n\t\t\t<\/div><\/figure><figure class='gallery-item'>\n\t\t\t<div class='gallery-icon landscape'>\n\t\t\t\t<a href='https:\/\/archive.sana.sy\/tr\/wp-content\/uploads\/2016\/03\/el-Esad-2-1.jpg'><img loading=\"lazy\" decoding=\"async\" width=\"300\" height=\"101\" src=\"https:\/\/archive.sana.sy\/tr\/wp-content\/uploads\/2016\/03\/el-Esad-2-1-300x101.jpg\" class=\"attachment-medium size-medium\" alt=\"\" srcset=\"https:\/\/archive.sana.sy\/tr\/wp-content\/uploads\/2016\/03\/el-Esad-2-1-300x101.jpg 300w, https:\/\/archive.sana.sy\/tr\/wp-content\/uploads\/2016\/03\/el-Esad-2-1-150x51.jpg 150w, https:\/\/archive.sana.sy\/tr\/wp-content\/uploads\/2016\/03\/el-Esad-2-1-768x259.jpg 768w, https:\/\/archive.sana.sy\/tr\/wp-content\/uploads\/2016\/03\/el-Esad-2-1-1024x345.jpg 1024w\" sizes=\"auto, (max-width: 300px) 100vw, 300px\" \/><\/a>\n\t\t\t<\/div><\/figure><figure class='gallery-item'>\n\t\t\t<div class='gallery-icon landscape'>\n\t\t\t\t<a href='https:\/\/archive.sana.sy\/tr\/wp-content\/uploads\/2016\/03\/el-Esad-1-2.jpg'><img loading=\"lazy\" decoding=\"async\" width=\"300\" height=\"160\" src=\"https:\/\/archive.sana.sy\/tr\/wp-content\/uploads\/2016\/03\/el-Esad-1-2-300x160.jpg\" class=\"attachment-medium size-medium\" alt=\"\" srcset=\"https:\/\/archive.sana.sy\/tr\/wp-content\/uploads\/2016\/03\/el-Esad-1-2-300x160.jpg 300w, https:\/\/archive.sana.sy\/tr\/wp-content\/uploads\/2016\/03\/el-Esad-1-2-150x80.jpg 150w, https:\/\/archive.sana.sy\/tr\/wp-content\/uploads\/2016\/03\/el-Esad-1-2-768x409.jpg 768w, https:\/\/archive.sana.sy\/tr\/wp-content\/uploads\/2016\/03\/el-Esad-1-2-1024x545.jpg 1024w, https:\/\/archive.sana.sy\/tr\/wp-content\/uploads\/2016\/03\/el-Esad-1-2-310x165.jpg 310w\" sizes=\"auto, (max-width: 300px) 100vw, 300px\" \/><\/a>\n\t\t\t<\/div><\/figure><figure class='gallery-item'>\n\t\t\t<div class='gallery-icon landscape'>\n\t\t\t\t<a href='https:\/\/archive.sana.sy\/tr\/wp-content\/uploads\/2016\/03\/el-Esad-4.jpg'><img loading=\"lazy\" decoding=\"async\" width=\"300\" height=\"219\" src=\"https:\/\/archive.sana.sy\/tr\/wp-content\/uploads\/2016\/03\/el-Esad-4-300x219.jpg\" class=\"attachment-medium size-medium\" alt=\"\" srcset=\"https:\/\/archive.sana.sy\/tr\/wp-content\/uploads\/2016\/03\/el-Esad-4-300x219.jpg 300w, https:\/\/archive.sana.sy\/tr\/wp-content\/uploads\/2016\/03\/el-Esad-4-150x109.jpg 150w, https:\/\/archive.sana.sy\/tr\/wp-content\/uploads\/2016\/03\/el-Esad-4-768x560.jpg 768w, https:\/\/archive.sana.sy\/tr\/wp-content\/uploads\/2016\/03\/el-Esad-4-1024x747.jpg 1024w\" sizes=\"auto, (max-width: 300px) 100vw, 300px\" \/><\/a>\n\t\t\t<\/div><\/figure>\n\t\t<\/div>\n\n<p>&nbsp;<\/p>\n","protected":false},"excerpt":{"rendered":"<p>\u015eAM \u2013 Cumhurba\u015fkan\u0131 Be\u015f\u015far el Esad \u0130ran \u0130slami Devrim Lideri Ali Haminei\u2019nin ofisinde D\u0131\u015f \u0130li\u015fkiler Stratejik Meclisi Ba\u015fkan\u0131 Kemal Harrazi ve ona e\u015flik eden heyeti kabul etti. G\u00f6r\u00fc\u015fmede \u00f6zellikle \u00e7at\u0131\u015fmalar\u0131 durdurma anla\u015fmas\u0131n yan\u0131 s\u0131ra geni\u015fleyen ulusal uzla\u015fmalar ve Cenevre&#8217;de Suriyeliler aras\u0131ndaki dolayl\u0131 diyalog g\u00f6r\u00fc\u015fmeleri ba\u015fta olmak \u00fczere Suriye&#8217;deki son durumlar \u00fczerine odaklan\u0131ld\u0131. Harrazi gerek d\u0131\u015f &hellip;<\/p>\n","protected":false},"author":1,"featured_media":65569,"comment_status":"closed","ping_status":"closed","sticky":false,"template":"","format":"standard","meta":{"footnotes":""},"categories":[608,479,605,478],"tags":[16402,19917,19918],"class_list":["post-65463","post","type-post","status-publish","format-standard","has-post-thumbnail","","category-etkinlikler","category-haberler-yerel","category-sayin-cumhurbaskani","category-yerel","tag-cumhurbaskani-bessar-el-esad","tag-iran-islami-devrim-lideri-ali-haminei","tag-kemal-harrazi"],"_links":{"self":[{"href":"https:\/\/archive.sana.sy\/tr\/index.php?rest_route=\/wp\/v2\/posts\/65463","targetHints":{"allow":["GET"]}}],"collection":[{"href":"https:\/\/archive.sana.sy\/tr\/index.php?rest_route=\/wp\/v2\/posts"}],"about":[{"href":"https:\/\/archive.sana.sy\/tr\/index.php?rest_route=\/wp\/v2\/types\/post"}],"author":[{"embeddable":true,"href":"https:\/\/archive.sana.sy\/tr\/index.php?rest_route=\/wp\/v2\/users\/1"}],"replies":[{"embeddable":true,"href":"https:\/\/archive.sana.sy\/tr\/index.php?rest_route=%2Fwp%2Fv2%2Fcomments&post=65463"}],"version-history":[{"count":0,"href":"https:\/\/archive.sana.sy\/tr\/index.php?rest_route=\/wp\/v2\/posts\/65463\/revisions"}],"wp:featuredmedia":[{"embeddable":true,"href":"https:\/\/archive.sana.sy\/tr\/index.php?rest_route=\/wp\/v2\/media\/65569"}],"wp:attachment":[{"href":"https:\/\/archive.sana.sy\/tr\/index.php?rest_route=%2Fwp%2Fv2%2Fmedia&parent=65463"}],"wp:term":[{"taxonomy":"category","embeddable":true,"href":"https:\/\/archive.sana.sy\/tr\/index.php?rest_route=%2Fwp%2Fv2%2Fcategories&post=65463"},{"taxonomy":"post_tag","embeddable":true,"href":"https:\/\/archive.sana.sy\/tr\/index.php?rest_route=%2Fwp%2Fv2%2Ftags&post=65463"}],"curies":[{"name":"wp","href":"https:\/\/api.w.org\/{rel}","templated":true}]}}