{"id":65471,"date":"2016-03-18T19:45:16","date_gmt":"2016-03-18T17:45:16","guid":{"rendered":"http:\/\/sana.sy\/tr\/?p=65471"},"modified":"2016-03-19T12:18:54","modified_gmt":"2016-03-19T10:18:54","slug":"misir-suriye-topraklarinin-bagimsizligi-ve-butunlugunu-destekliyor","status":"publish","type":"post","link":"https:\/\/archive.sana.sy\/tr\/?p=65471","title":{"rendered":"M\u0131s\u0131r Suriye Topraklar\u0131n\u0131n Ba\u011f\u0131ms\u0131zl\u0131\u011f\u0131 ve B\u00fct\u00fcnl\u00fc\u011f\u00fcn\u00fc Destekliyor"},"content":{"rendered":"<p>KAH\u0130RE \u2013 M\u0131s\u0131r D\u0131\u015fi\u015fleri Bakanl\u0131\u011f\u0131, M\u0131s\u0131r\u2019\u0131n Suriye topraklar\u0131n\u0131n ba\u011f\u0131ms\u0131zl\u0131k ve b\u00fct\u00fcnl\u00fc\u011f\u00fcn\u00fc her zaman destekledi\u011fini ifade etti.<\/p>\n<p>M\u0131s\u0131r D\u0131\u015fi\u015fleri Bakanl\u0131\u011f\u0131 d\u00fcn yay\u0131nlad\u0131\u011f\u0131 bir beyanda Suriye topraklar\u0131nda ve Suriye s\u0131n\u0131rlar\u0131 d\u0131\u015f\u0131nda bulunan b\u00fct\u00fcn taraflara uzla\u015fma \u015fiar\u0131n\u0131n y\u00fckseltilmesi ve Suriye\u2019nin i\u00e7 i\u015flerine m\u00fcdahalelere ve d\u0131\u015far\u0131dan gelen direktiflere son verilmesi \u00e7a\u011fr\u0131s\u0131nda bulundu.<\/p>\n<p>M\u0131s\u0131r\u2019\u0131n Suriye\u2019nin ba\u011f\u0131ms\u0131zl\u0131k ve b\u00fct\u00fcnl\u00fc\u011f\u00fcn\u00fc destekleyen tutumunu s\u00fcrd\u00fcrd\u00fc\u011f\u00fcne dikkat \u00e7ekilen beyanda, Suriye\u2019de yap\u0131lacak b\u00fct\u00fcn faaliyetlerin Suriye h\u00fck\u00fcmeti ile koordinasyon i\u00e7erisinde yap\u0131lmas\u0131 gere\u011fine dikkat \u00e7ekti.<\/p>\n","protected":false},"excerpt":{"rendered":"<p>KAH\u0130RE \u2013 M\u0131s\u0131r D\u0131\u015fi\u015fleri Bakanl\u0131\u011f\u0131, M\u0131s\u0131r\u2019\u0131n Suriye topraklar\u0131n\u0131n ba\u011f\u0131ms\u0131zl\u0131k ve b\u00fct\u00fcnl\u00fc\u011f\u00fcn\u00fc her zaman destekledi\u011fini ifade etti. M\u0131s\u0131r D\u0131\u015fi\u015fleri Bakanl\u0131\u011f\u0131 d\u00fcn yay\u0131nlad\u0131\u011f\u0131 bir beyanda Suriye topraklar\u0131nda ve Suriye s\u0131n\u0131rlar\u0131 d\u0131\u015f\u0131nda bulunan b\u00fct\u00fcn taraflara uzla\u015fma \u015fiar\u0131n\u0131n y\u00fckseltilmesi ve Suriye\u2019nin i\u00e7 i\u015flerine m\u00fcdahalelere ve d\u0131\u015far\u0131dan gelen direktiflere son verilmesi \u00e7a\u011fr\u0131s\u0131nda bulundu. M\u0131s\u0131r\u2019\u0131n Suriye\u2019nin ba\u011f\u0131ms\u0131zl\u0131k ve b\u00fct\u00fcnl\u00fc\u011f\u00fcn\u00fc destekleyen tutumunu &hellip;<\/p>\n","protected":false},"author":1,"featured_media":65476,"comment_status":"closed","ping_status":"closed","sticky":false,"template":"","format":"standard","meta":{"footnotes":""},"categories":[458,459,17988],"tags":[19553,19923],"class_list":["post-65471","post","type-post","status-publish","format-standard","has-post-thumbnail","","category-dunya1","category-haberler-arap-uluslararasi-politika","category-son-haberler","tag-misir-disisleri-bakanligi","tag-misir-suriye-topraklarinin-bagimsizligi-ve-butunlugunu-destekliyor"],"_links":{"self":[{"href":"https:\/\/archive.sana.sy\/tr\/index.php?rest_route=\/wp\/v2\/posts\/65471","targetHints":{"allow":["GET"]}}],"collection":[{"href":"https:\/\/archive.sana.sy\/tr\/index.php?rest_route=\/wp\/v2\/posts"}],"about":[{"href":"https:\/\/archive.sana.sy\/tr\/index.php?rest_route=\/wp\/v2\/types\/post"}],"author":[{"embeddable":true,"href":"https:\/\/archive.sana.sy\/tr\/index.php?rest_route=\/wp\/v2\/users\/1"}],"replies":[{"embeddable":true,"href":"https:\/\/archive.sana.sy\/tr\/index.php?rest_route=%2Fwp%2Fv2%2Fcomments&post=65471"}],"version-history":[{"count":0,"href":"https:\/\/archive.sana.sy\/tr\/index.php?rest_route=\/wp\/v2\/posts\/65471\/revisions"}],"wp:featuredmedia":[{"embeddable":true,"href":"https:\/\/archive.sana.sy\/tr\/index.php?rest_route=\/wp\/v2\/media\/65476"}],"wp:attachment":[{"href":"https:\/\/archive.sana.sy\/tr\/index.php?rest_route=%2Fwp%2Fv2%2Fmedia&parent=65471"}],"wp:term":[{"taxonomy":"category","embeddable":true,"href":"https:\/\/archive.sana.sy\/tr\/index.php?rest_route=%2Fwp%2Fv2%2Fcategories&post=65471"},{"taxonomy":"post_tag","embeddable":true,"href":"https:\/\/archive.sana.sy\/tr\/index.php?rest_route=%2Fwp%2Fv2%2Ftags&post=65471"}],"curies":[{"name":"wp","href":"https:\/\/api.w.org\/{rel}","templated":true}]}}