{"id":65530,"date":"2016-03-19T15:40:06","date_gmt":"2016-03-19T13:40:06","guid":{"rendered":"http:\/\/sana.sy\/tr\/?p=65530"},"modified":"2016-03-19T15:40:06","modified_gmt":"2016-03-19T13:40:06","slug":"askeri-kaynak-sanaya-aciklamasinda-ordu-birliklerimizin-destekci-guclerle-isbirligi-icinde-homs-kirsalinin-guneydogusu-senyet-hayt-ve-senyet-rasid-bolgelerine-ilaveten-tavval-ve-tel-kurdi-tep","status":"publish","type":"post","link":"https:\/\/archive.sana.sy\/tr\/?p=65530","title":{"rendered":"Askeri kaynak SANA\u2019ya a\u00e7\u0131klamas\u0131nda ordu birliklerimizin destek\u00e7i g\u00fc\u00e7lerle i\u015fbirli\u011fi i\u00e7inde Homs k\u0131rsal\u0131n\u0131n g\u00fcneydo\u011fusu Senyet Hayt ve Senyet Ra\u015fid b\u00f6lgelerine ilaveten Tavval ve Tel K\u00fcrdi tepeleri, Revabi el Tahin s\u0131rada\u011flar\u0131 ve Karyeten Kentine bakan Cbeyl Da\u011f\u0131n\u0131 tekfircilerden temizleyerek kontrollerine ald\u0131klar\u0131n\u0131 aktard\u0131"},"content":{"rendered":"<p>Askeri kaynak SANA\u2019ya a\u00e7\u0131klamas\u0131nda ordu birliklerimizin destek\u00e7i g\u00fc\u00e7lerle i\u015fbirli\u011fi i\u00e7inde Homs k\u0131rsal\u0131n\u0131n g\u00fcneydo\u011fusu Senyet Hayt ve Senyet Ra\u015fid b\u00f6lgelerine ilaveten Tavval ve Tel K\u00fcrdi tepeleri, Revabi el Tahin s\u0131rada\u011flar\u0131 ve Karyeten Kentine bakan Cbeyl Da\u011f\u0131n\u0131 tekfircilerden temizleyerek kontrollerine ald\u0131klar\u0131n\u0131 aktard\u0131<\/p>\n","protected":false},"excerpt":{"rendered":"<p>Askeri kaynak SANA\u2019ya a\u00e7\u0131klamas\u0131nda ordu birliklerimizin destek\u00e7i g\u00fc\u00e7lerle i\u015fbirli\u011fi i\u00e7inde Homs k\u0131rsal\u0131n\u0131n g\u00fcneydo\u011fusu Senyet Hayt ve Senyet Ra\u015fid b\u00f6lgelerine ilaveten Tavval ve Tel K\u00fcrdi tepeleri, Revabi el Tahin s\u0131rada\u011flar\u0131 ve Karyeten Kentine bakan Cbeyl Da\u011f\u0131n\u0131 tekfircilerden temizleyerek kontrollerine ald\u0131klar\u0131n\u0131 aktard\u0131<\/p>\n","protected":false},"author":1,"featured_media":0,"comment_status":"closed","ping_status":"closed","sticky":false,"template":"","format":"standard","meta":{"footnotes":""},"categories":[17991],"tags":[],"class_list":["post-65530","post","type-post","status-publish","format-standard","","category-son-dakika"],"_links":{"self":[{"href":"https:\/\/archive.sana.sy\/tr\/index.php?rest_route=\/wp\/v2\/posts\/65530","targetHints":{"allow":["GET"]}}],"collection":[{"href":"https:\/\/archive.sana.sy\/tr\/index.php?rest_route=\/wp\/v2\/posts"}],"about":[{"href":"https:\/\/archive.sana.sy\/tr\/index.php?rest_route=\/wp\/v2\/types\/post"}],"author":[{"embeddable":true,"href":"https:\/\/archive.sana.sy\/tr\/index.php?rest_route=\/wp\/v2\/users\/1"}],"replies":[{"embeddable":true,"href":"https:\/\/archive.sana.sy\/tr\/index.php?rest_route=%2Fwp%2Fv2%2Fcomments&post=65530"}],"version-history":[{"count":0,"href":"https:\/\/archive.sana.sy\/tr\/index.php?rest_route=\/wp\/v2\/posts\/65530\/revisions"}],"wp:attachment":[{"href":"https:\/\/archive.sana.sy\/tr\/index.php?rest_route=%2Fwp%2Fv2%2Fmedia&parent=65530"}],"wp:term":[{"taxonomy":"category","embeddable":true,"href":"https:\/\/archive.sana.sy\/tr\/index.php?rest_route=%2Fwp%2Fv2%2Fcategories&post=65530"},{"taxonomy":"post_tag","embeddable":true,"href":"https:\/\/archive.sana.sy\/tr\/index.php?rest_route=%2Fwp%2Fv2%2Ftags&post=65530"}],"curies":[{"name":"wp","href":"https:\/\/api.w.org\/{rel}","templated":true}]}}