{"id":65536,"date":"2016-03-19T12:00:18","date_gmt":"2016-03-19T10:00:18","guid":{"rendered":"http:\/\/sana.sy\/tr\/?p=65536"},"modified":"2016-03-20T17:23:23","modified_gmt":"2016-03-20T15:23:23","slug":"bolgesel-bir-kisim-konularda-turkiye-ile-goruslerimiz-farklidir","status":"publish","type":"post","link":"https:\/\/archive.sana.sy\/tr\/?p=65536","title":{"rendered":"B\u00f6lgesel Bir K\u0131s\u0131m Konularda T\u00fcrkiye ile G\u00f6r\u00fc\u015flerimiz Farkl\u0131d\u0131r"},"content":{"rendered":"<p>TAHRAN \u2013 \u0130ran D\u0131\u015fi\u015fleri Bakan\u0131 Muhammed Cevat Zarif b\u00f6lge halklar\u0131n\u0131 tehdit eden ter\u00f6rle m\u00fccadele ve Suriye&#8217;deki krizin \u00e7\u00f6z\u00fcm\u00fcnde t\u00fcm b\u00f6lge devletlerinin i\u015fbirli\u011fi i\u00e7inde olmalar\u0131 gerekti\u011fini belirtti.<\/p>\n<p>\u0130ranl\u0131 Irna haber ajans\u0131na bug\u00fcn yapt\u0131\u011f\u0131 a\u00e7\u0131klamalar\u0131nda Zarif; Suriye&#8217;nin tan\u0131k oldu\u011fu \u00f6zel durumlar\u0131n t\u00fcm b\u00f6lge devletlerini h\u00fcsn\u00fcniyet g\u00f6sterme ve ciddi \u00e7aba harcama arac\u0131l\u0131\u011f\u0131 ile bu krizi s\u0131n\u0131rlamalar\u0131nda i\u015fbirli\u011finde olmalar\u0131n\u0131 gerektirdi\u011finin alt\u0131n\u0131 \u00e7izdi.<\/p>\n<p>T\u00fcrkiye&#8217;ye i\u015f gezisi kapsam\u0131nda bu sabah \u0130stanbul\u2019a ula\u015fan Zarif \u0130ran ve T\u00fcrkiye&#8217;nin aralar\u0131ndaki ekonomik ili\u015fkileri peki\u015ftirme arzusunda olduklar\u0131na dikkat \u00e7ekti.<\/p>\n<p>Bir k\u0131s\u0131m b\u00f6lge meselelerinde \u0130ran ile T\u00fcrkiye aras\u0131nda g\u00f6r\u00fc\u015f farkl\u0131l\u0131\u011f\u0131n\u0131n bulundu\u011funa vurgu yapan Zarif; bu meselelerin diyalog ve g\u00f6r\u00fc\u015f al\u0131\u015fveri\u015fi ile \u00e7\u00f6z\u00fclmeleri \u00f6nemini belirtti.<\/p>\n","protected":false},"excerpt":{"rendered":"<p>TAHRAN \u2013 \u0130ran D\u0131\u015fi\u015fleri Bakan\u0131 Muhammed Cevat Zarif b\u00f6lge halklar\u0131n\u0131 tehdit eden ter\u00f6rle m\u00fccadele ve Suriye&#8217;deki krizin \u00e7\u00f6z\u00fcm\u00fcnde t\u00fcm b\u00f6lge devletlerinin i\u015fbirli\u011fi i\u00e7inde olmalar\u0131 gerekti\u011fini belirtti. \u0130ranl\u0131 Irna haber ajans\u0131na bug\u00fcn yapt\u0131\u011f\u0131 a\u00e7\u0131klamalar\u0131nda Zarif; Suriye&#8217;nin tan\u0131k oldu\u011fu \u00f6zel durumlar\u0131n t\u00fcm b\u00f6lge devletlerini h\u00fcsn\u00fcniyet g\u00f6sterme ve ciddi \u00e7aba harcama arac\u0131l\u0131\u011f\u0131 ile bu krizi s\u0131n\u0131rlamalar\u0131nda i\u015fbirli\u011finde olmalar\u0131n\u0131 &hellip;<\/p>\n","protected":false},"author":1,"featured_media":65537,"comment_status":"closed","ping_status":"closed","sticky":false,"template":"","format":"standard","meta":{"footnotes":""},"categories":[458,459,17988],"tags":[],"class_list":["post-65536","post","type-post","status-publish","format-standard","has-post-thumbnail","","category-dunya1","category-haberler-arap-uluslararasi-politika","category-son-haberler"],"_links":{"self":[{"href":"https:\/\/archive.sana.sy\/tr\/index.php?rest_route=\/wp\/v2\/posts\/65536","targetHints":{"allow":["GET"]}}],"collection":[{"href":"https:\/\/archive.sana.sy\/tr\/index.php?rest_route=\/wp\/v2\/posts"}],"about":[{"href":"https:\/\/archive.sana.sy\/tr\/index.php?rest_route=\/wp\/v2\/types\/post"}],"author":[{"embeddable":true,"href":"https:\/\/archive.sana.sy\/tr\/index.php?rest_route=\/wp\/v2\/users\/1"}],"replies":[{"embeddable":true,"href":"https:\/\/archive.sana.sy\/tr\/index.php?rest_route=%2Fwp%2Fv2%2Fcomments&post=65536"}],"version-history":[{"count":0,"href":"https:\/\/archive.sana.sy\/tr\/index.php?rest_route=\/wp\/v2\/posts\/65536\/revisions"}],"wp:featuredmedia":[{"embeddable":true,"href":"https:\/\/archive.sana.sy\/tr\/index.php?rest_route=\/wp\/v2\/media\/65537"}],"wp:attachment":[{"href":"https:\/\/archive.sana.sy\/tr\/index.php?rest_route=%2Fwp%2Fv2%2Fmedia&parent=65536"}],"wp:term":[{"taxonomy":"category","embeddable":true,"href":"https:\/\/archive.sana.sy\/tr\/index.php?rest_route=%2Fwp%2Fv2%2Fcategories&post=65536"},{"taxonomy":"post_tag","embeddable":true,"href":"https:\/\/archive.sana.sy\/tr\/index.php?rest_route=%2Fwp%2Fv2%2Ftags&post=65536"}],"curies":[{"name":"wp","href":"https:\/\/api.w.org\/{rel}","templated":true}]}}