{"id":65542,"date":"2016-03-19T16:17:24","date_gmt":"2016-03-19T14:17:24","guid":{"rendered":"http:\/\/sana.sy\/tr\/?p=65542"},"modified":"2016-03-19T16:53:33","modified_gmt":"2016-03-19T14:53:33","slug":"cumhurbaskani-bessar-el-esad-iran-islami-devrim-lideri-ali-hamineinin-ofisinde-dis-iliskiler-stratejik-meclisi-baskani-kemal-harrazi-ve-ona-eslik-eden-heyeti-kabul-ediyor","status":"publish","type":"post","link":"https:\/\/archive.sana.sy\/tr\/?p=65542","title":{"rendered":"Cumhurba\u015fkan\u0131 el Esad \u0130ran \u0130slami Devrim Lideri Ali Haminei\u2019nin ofisinde D\u0131\u015f \u0130li\u015fkiler Stratejik Meclisi Ba\u015fkan\u0131 Kemal Harrazi ve ona e\u015flik eden heyeti kabul ediyor"},"content":{"rendered":"<p>Cumhurba\u015fkan\u0131 el Esad \u0130ran \u0130slami Devrim Lideri Ali Haminei\u2019nin ofisinde D\u0131\u015f \u0130li\u015fkiler Stratejik Meclisi Ba\u015fkan\u0131 Kemal Harrazi ve ona e\u015flik eden heyeti kabul ediyor<\/p>\n<div id='gallery-1' class='gallery galleryid-65542 gallery-columns-2 gallery-size-thumbnail'><figure class='gallery-item'>\n\t\t\t<div class='gallery-icon landscape'>\n\t\t\t\t<a href='https:\/\/archive.sana.sy\/tr\/wp-content\/uploads\/2016\/03\/el-Esad-1.jpg'><img loading=\"lazy\" decoding=\"async\" width=\"150\" height=\"109\" src=\"https:\/\/archive.sana.sy\/tr\/wp-content\/uploads\/2016\/03\/el-Esad-1-150x109.jpg\" class=\"attachment-thumbnail size-thumbnail\" alt=\"\" srcset=\"https:\/\/archive.sana.sy\/tr\/wp-content\/uploads\/2016\/03\/el-Esad-1-150x109.jpg 150w, https:\/\/archive.sana.sy\/tr\/wp-content\/uploads\/2016\/03\/el-Esad-1-300x219.jpg 300w, https:\/\/archive.sana.sy\/tr\/wp-content\/uploads\/2016\/03\/el-Esad-1-768x560.jpg 768w, https:\/\/archive.sana.sy\/tr\/wp-content\/uploads\/2016\/03\/el-Esad-1-1024x747.jpg 1024w\" sizes=\"auto, (max-width: 150px) 100vw, 150px\" \/><\/a>\n\t\t\t<\/div><\/figure><figure class='gallery-item'>\n\t\t\t<div class='gallery-icon landscape'>\n\t\t\t\t<a href='https:\/\/archive.sana.sy\/tr\/wp-content\/uploads\/2016\/03\/el-Esad-1-1.jpg'><img loading=\"lazy\" decoding=\"async\" width=\"150\" height=\"80\" src=\"https:\/\/archive.sana.sy\/tr\/wp-content\/uploads\/2016\/03\/el-Esad-1-1-150x80.jpg\" class=\"attachment-thumbnail size-thumbnail\" alt=\"\" srcset=\"https:\/\/archive.sana.sy\/tr\/wp-content\/uploads\/2016\/03\/el-Esad-1-1-150x80.jpg 150w, https:\/\/archive.sana.sy\/tr\/wp-content\/uploads\/2016\/03\/el-Esad-1-1-300x160.jpg 300w, https:\/\/archive.sana.sy\/tr\/wp-content\/uploads\/2016\/03\/el-Esad-1-1-768x409.jpg 768w, https:\/\/archive.sana.sy\/tr\/wp-content\/uploads\/2016\/03\/el-Esad-1-1-1024x545.jpg 1024w, https:\/\/archive.sana.sy\/tr\/wp-content\/uploads\/2016\/03\/el-Esad-1-1-310x165.jpg 310w\" sizes=\"auto, (max-width: 150px) 100vw, 150px\" \/><\/a>\n\t\t\t<\/div><\/figure><figure class='gallery-item'>\n\t\t\t<div class='gallery-icon landscape'>\n\t\t\t\t<a href='https:\/\/archive.sana.sy\/tr\/wp-content\/uploads\/2016\/03\/el-Esad-2.jpg'><img loading=\"lazy\" decoding=\"async\" width=\"150\" height=\"51\" src=\"https:\/\/archive.sana.sy\/tr\/wp-content\/uploads\/2016\/03\/el-Esad-2-150x51.jpg\" class=\"attachment-thumbnail size-thumbnail\" alt=\"\" srcset=\"https:\/\/archive.sana.sy\/tr\/wp-content\/uploads\/2016\/03\/el-Esad-2-150x51.jpg 150w, https:\/\/archive.sana.sy\/tr\/wp-content\/uploads\/2016\/03\/el-Esad-2-300x101.jpg 300w, https:\/\/archive.sana.sy\/tr\/wp-content\/uploads\/2016\/03\/el-Esad-2-768x259.jpg 768w, https:\/\/archive.sana.sy\/tr\/wp-content\/uploads\/2016\/03\/el-Esad-2-1024x345.jpg 1024w\" sizes=\"auto, (max-width: 150px) 100vw, 150px\" \/><\/a>\n\t\t\t<\/div><\/figure><figure class='gallery-item'>\n\t\t\t<div class='gallery-icon landscape'>\n\t\t\t\t<a href='https:\/\/archive.sana.sy\/tr\/wp-content\/uploads\/2016\/03\/el-Esad-3.jpg'><img loading=\"lazy\" decoding=\"async\" width=\"150\" height=\"60\" src=\"https:\/\/archive.sana.sy\/tr\/wp-content\/uploads\/2016\/03\/el-Esad-3-150x60.jpg\" class=\"attachment-thumbnail size-thumbnail\" alt=\"\" srcset=\"https:\/\/archive.sana.sy\/tr\/wp-content\/uploads\/2016\/03\/el-Esad-3-150x60.jpg 150w, https:\/\/archive.sana.sy\/tr\/wp-content\/uploads\/2016\/03\/el-Esad-3-300x121.jpg 300w, https:\/\/archive.sana.sy\/tr\/wp-content\/uploads\/2016\/03\/el-Esad-3-768x309.jpg 768w, https:\/\/archive.sana.sy\/tr\/wp-content\/uploads\/2016\/03\/el-Esad-3-1024x412.jpg 1024w\" sizes=\"auto, (max-width: 150px) 100vw, 150px\" \/><\/a>\n\t\t\t<\/div><\/figure>\n\t\t<\/div>\n\n","protected":false},"excerpt":{"rendered":"<p>Cumhurba\u015fkan\u0131 el Esad \u0130ran \u0130slami Devrim Lideri Ali Haminei\u2019nin ofisinde D\u0131\u015f \u0130li\u015fkiler Stratejik Meclisi Ba\u015fkan\u0131 Kemal Harrazi ve ona e\u015flik eden heyeti kabul ediyor<\/p>\n","protected":false},"author":1,"featured_media":65464,"comment_status":"closed","ping_status":"closed","sticky":false,"template":"","format":"standard","meta":{"footnotes":""},"categories":[6459],"tags":[],"class_list":["post-65542","post","type-post","status-publish","format-standard","has-post-thumbnail","","category-sana-fotolarl"],"_links":{"self":[{"href":"https:\/\/archive.sana.sy\/tr\/index.php?rest_route=\/wp\/v2\/posts\/65542","targetHints":{"allow":["GET"]}}],"collection":[{"href":"https:\/\/archive.sana.sy\/tr\/index.php?rest_route=\/wp\/v2\/posts"}],"about":[{"href":"https:\/\/archive.sana.sy\/tr\/index.php?rest_route=\/wp\/v2\/types\/post"}],"author":[{"embeddable":true,"href":"https:\/\/archive.sana.sy\/tr\/index.php?rest_route=\/wp\/v2\/users\/1"}],"replies":[{"embeddable":true,"href":"https:\/\/archive.sana.sy\/tr\/index.php?rest_route=%2Fwp%2Fv2%2Fcomments&post=65542"}],"version-history":[{"count":0,"href":"https:\/\/archive.sana.sy\/tr\/index.php?rest_route=\/wp\/v2\/posts\/65542\/revisions"}],"wp:featuredmedia":[{"embeddable":true,"href":"https:\/\/archive.sana.sy\/tr\/index.php?rest_route=\/wp\/v2\/media\/65464"}],"wp:attachment":[{"href":"https:\/\/archive.sana.sy\/tr\/index.php?rest_route=%2Fwp%2Fv2%2Fmedia&parent=65542"}],"wp:term":[{"taxonomy":"category","embeddable":true,"href":"https:\/\/archive.sana.sy\/tr\/index.php?rest_route=%2Fwp%2Fv2%2Fcategories&post=65542"},{"taxonomy":"post_tag","embeddable":true,"href":"https:\/\/archive.sana.sy\/tr\/index.php?rest_route=%2Fwp%2Fv2%2Ftags&post=65542"}],"curies":[{"name":"wp","href":"https:\/\/api.w.org\/{rel}","templated":true}]}}