{"id":65544,"date":"2016-03-19T11:13:09","date_gmt":"2016-03-19T09:13:09","guid":{"rendered":"http:\/\/sana.sy\/tr\/?p=65544"},"modified":"2016-03-19T16:08:59","modified_gmt":"2016-03-19T14:08:59","slug":"gorusmede-ozellikle-catismalari-durdurma-anlasmasin-yani-sira-genisleyen-ulusal-uzlasmalar-ve-cenevrede-suriyeliler-arasindaki-dolayli-diyalog-gorusmeleri-basta-olmak-uzere-suriyedeki-son-durumlar","status":"publish","type":"post","link":"https:\/\/archive.sana.sy\/tr\/?p=65544","title":{"rendered":"G\u00f6r\u00fc\u015fmede \u00f6zellikle \u00e7at\u0131\u015fmalar\u0131 durdurma anla\u015fmas\u0131n yan\u0131 s\u0131ra geni\u015fleyen ulusal uzla\u015fmalar ve Cenevre&#8217;de Suriyeliler aras\u0131ndaki dolayl\u0131 diyalog g\u00f6r\u00fc\u015fmeleri ba\u015fta olmak \u00fczere Suriye&#8217;deki son durumlar \u00fczerine odaklan\u0131ld\u0131"},"content":{"rendered":"<p>G\u00f6r\u00fc\u015fmede \u00f6zellikle \u00e7at\u0131\u015fmalar\u0131 durdurma anla\u015fmas\u0131n yan\u0131 s\u0131ra geni\u015fleyen ulusal uzla\u015fmalar ve Cenevre&#8217;de Suriyeliler aras\u0131ndaki dolayl\u0131 diyalog g\u00f6r\u00fc\u015fmeleri ba\u015fta olmak \u00fczere Suriye&#8217;deki son durumlar \u00fczerine odaklan\u0131ld\u0131<\/p>\n","protected":false},"excerpt":{"rendered":"<p>G\u00f6r\u00fc\u015fmede \u00f6zellikle \u00e7at\u0131\u015fmalar\u0131 durdurma anla\u015fmas\u0131n yan\u0131 s\u0131ra geni\u015fleyen ulusal uzla\u015fmalar ve Cenevre&#8217;de Suriyeliler aras\u0131ndaki dolayl\u0131 diyalog g\u00f6r\u00fc\u015fmeleri ba\u015fta olmak \u00fczere Suriye&#8217;deki son durumlar \u00fczerine odaklan\u0131ld\u0131<\/p>\n","protected":false},"author":1,"featured_media":0,"comment_status":"closed","ping_status":"closed","sticky":false,"template":"","format":"standard","meta":{"footnotes":""},"categories":[17991],"tags":[],"class_list":["post-65544","post","type-post","status-publish","format-standard","","category-son-dakika"],"_links":{"self":[{"href":"https:\/\/archive.sana.sy\/tr\/index.php?rest_route=\/wp\/v2\/posts\/65544","targetHints":{"allow":["GET"]}}],"collection":[{"href":"https:\/\/archive.sana.sy\/tr\/index.php?rest_route=\/wp\/v2\/posts"}],"about":[{"href":"https:\/\/archive.sana.sy\/tr\/index.php?rest_route=\/wp\/v2\/types\/post"}],"author":[{"embeddable":true,"href":"https:\/\/archive.sana.sy\/tr\/index.php?rest_route=\/wp\/v2\/users\/1"}],"replies":[{"embeddable":true,"href":"https:\/\/archive.sana.sy\/tr\/index.php?rest_route=%2Fwp%2Fv2%2Fcomments&post=65544"}],"version-history":[{"count":0,"href":"https:\/\/archive.sana.sy\/tr\/index.php?rest_route=\/wp\/v2\/posts\/65544\/revisions"}],"wp:attachment":[{"href":"https:\/\/archive.sana.sy\/tr\/index.php?rest_route=%2Fwp%2Fv2%2Fmedia&parent=65544"}],"wp:term":[{"taxonomy":"category","embeddable":true,"href":"https:\/\/archive.sana.sy\/tr\/index.php?rest_route=%2Fwp%2Fv2%2Fcategories&post=65544"},{"taxonomy":"post_tag","embeddable":true,"href":"https:\/\/archive.sana.sy\/tr\/index.php?rest_route=%2Fwp%2Fv2%2Ftags&post=65544"}],"curies":[{"name":"wp","href":"https:\/\/api.w.org\/{rel}","templated":true}]}}