{"id":65550,"date":"2016-03-19T11:20:11","date_gmt":"2016-03-19T09:20:11","guid":{"rendered":"http:\/\/sana.sy\/tr\/?p=65550"},"modified":"2016-03-19T16:09:35","modified_gmt":"2016-03-19T14:09:35","slug":"harrazi-gerek-dis-guclerin-destekledikleri-tekfirci-teror-gerekse-siyasi-surece-iliskin-cabalarda-suriyeye-destegin-iranin-sabit-stratejik-politikasinin-temelini-olusturdugunu-belirtti","status":"publish","type":"post","link":"https:\/\/archive.sana.sy\/tr\/?p=65550","title":{"rendered":"Harrazi gerek d\u0131\u015f g\u00fc\u00e7lerin destekledikleri tekfirci ter\u00f6r, gerekse siyasi s\u00fcrece ili\u015fkin \u00e7abalarda Suriye&#8217;ye deste\u011fin \u0130ran\u2019\u0131n sabit stratejik politikas\u0131n\u0131n temelini olu\u015fturdu\u011funu belirtti"},"content":{"rendered":"<p>Harrazi gerek d\u0131\u015f g\u00fc\u00e7lerin destekledikleri tekfirci ter\u00f6r, gerekse siyasi s\u00fcrece ili\u015fkin \u00e7abalarda Suriye&#8217;ye deste\u011fin \u0130ran\u2019\u0131n sabit stratejik politikas\u0131n\u0131n temelini olu\u015fturdu\u011funu belirtti<\/p>\n","protected":false},"excerpt":{"rendered":"<p>Harrazi gerek d\u0131\u015f g\u00fc\u00e7lerin destekledikleri tekfirci ter\u00f6r, gerekse siyasi s\u00fcrece ili\u015fkin \u00e7abalarda Suriye&#8217;ye deste\u011fin \u0130ran\u2019\u0131n sabit stratejik politikas\u0131n\u0131n temelini olu\u015fturdu\u011funu belirtti<\/p>\n","protected":false},"author":1,"featured_media":0,"comment_status":"closed","ping_status":"closed","sticky":false,"template":"","format":"standard","meta":{"footnotes":""},"categories":[17991],"tags":[],"class_list":["post-65550","post","type-post","status-publish","format-standard","","category-son-dakika"],"_links":{"self":[{"href":"https:\/\/archive.sana.sy\/tr\/index.php?rest_route=\/wp\/v2\/posts\/65550","targetHints":{"allow":["GET"]}}],"collection":[{"href":"https:\/\/archive.sana.sy\/tr\/index.php?rest_route=\/wp\/v2\/posts"}],"about":[{"href":"https:\/\/archive.sana.sy\/tr\/index.php?rest_route=\/wp\/v2\/types\/post"}],"author":[{"embeddable":true,"href":"https:\/\/archive.sana.sy\/tr\/index.php?rest_route=\/wp\/v2\/users\/1"}],"replies":[{"embeddable":true,"href":"https:\/\/archive.sana.sy\/tr\/index.php?rest_route=%2Fwp%2Fv2%2Fcomments&post=65550"}],"version-history":[{"count":0,"href":"https:\/\/archive.sana.sy\/tr\/index.php?rest_route=\/wp\/v2\/posts\/65550\/revisions"}],"wp:attachment":[{"href":"https:\/\/archive.sana.sy\/tr\/index.php?rest_route=%2Fwp%2Fv2%2Fmedia&parent=65550"}],"wp:term":[{"taxonomy":"category","embeddable":true,"href":"https:\/\/archive.sana.sy\/tr\/index.php?rest_route=%2Fwp%2Fv2%2Fcategories&post=65550"},{"taxonomy":"post_tag","embeddable":true,"href":"https:\/\/archive.sana.sy\/tr\/index.php?rest_route=%2Fwp%2Fv2%2Ftags&post=65550"}],"curies":[{"name":"wp","href":"https:\/\/api.w.org\/{rel}","templated":true}]}}