{"id":65552,"date":"2016-03-19T11:30:00","date_gmt":"2016-03-19T09:30:00","guid":{"rendered":"http:\/\/sana.sy\/tr\/?p=65552"},"modified":"2016-03-19T16:10:46","modified_gmt":"2016-03-19T14:10:46","slug":"el-esad-suriye-halki-ve-muttefiklerinin-bu-savasta-kazanacaklari-zaferin-bolge-halklarinin-iradesi-ve-cikarlariyla-celisen-somurucu-ve-hegemonyaci-batili-devletlerin-yani-sira-bolgedeki-isbirlikciler","status":"publish","type":"post","link":"https:\/\/archive.sana.sy\/tr\/?p=65552","title":{"rendered":"El Esad Suriye halk\u0131 ve m\u00fcttefiklerinin bu sava\u015fta kazanacaklar\u0131 zaferin; b\u00f6lge halklar\u0131n\u0131n iradesi ve \u00e7\u0131karlar\u0131yla \u00e7eli\u015fen s\u00f6m\u00fcr\u00fcc\u00fc ve hegemonyac\u0131 Bat\u0131l\u0131 devletlerin yan\u0131 s\u0131ra b\u00f6lgedeki i\u015fbirlik\u00e7ilerine kar\u015f\u0131 m\u00fccadelede daha adil ve daha dengeli bir d\u00fcnya sistemin kurulmas\u0131na katk\u0131 sa\u011flayaca\u011f\u0131n\u0131n alt\u0131n\u0131 \u00e7izdi"},"content":{"rendered":"<p>El Esad Suriye halk\u0131 ve m\u00fcttefiklerinin bu sava\u015fta kazanacaklar\u0131 zaferin; b\u00f6lge halklar\u0131n\u0131n iradesi ve \u00e7\u0131karlar\u0131yla \u00e7eli\u015fen s\u00f6m\u00fcr\u00fcc\u00fc ve hegemonyac\u0131 Bat\u0131l\u0131 devletlerin yan\u0131 s\u0131ra b\u00f6lgedeki i\u015fbirlik\u00e7ilerine kar\u015f\u0131 m\u00fccadelede daha adil ve daha dengeli bir d\u00fcnya sistemin kurulmas\u0131na katk\u0131 sa\u011flayaca\u011f\u0131n\u0131n alt\u0131n\u0131 \u00e7izdi<\/p>\n","protected":false},"excerpt":{"rendered":"<p>El Esad Suriye halk\u0131 ve m\u00fcttefiklerinin bu sava\u015fta kazanacaklar\u0131 zaferin; b\u00f6lge halklar\u0131n\u0131n iradesi ve \u00e7\u0131karlar\u0131yla \u00e7eli\u015fen s\u00f6m\u00fcr\u00fcc\u00fc ve hegemonyac\u0131 Bat\u0131l\u0131 devletlerin yan\u0131 s\u0131ra b\u00f6lgedeki i\u015fbirlik\u00e7ilerine kar\u015f\u0131 m\u00fccadelede daha adil ve daha dengeli bir d\u00fcnya sistemin kurulmas\u0131na katk\u0131 sa\u011flayaca\u011f\u0131n\u0131n alt\u0131n\u0131 \u00e7izdi<\/p>\n","protected":false},"author":1,"featured_media":0,"comment_status":"closed","ping_status":"closed","sticky":false,"template":"","format":"standard","meta":{"footnotes":""},"categories":[17991],"tags":[],"class_list":["post-65552","post","type-post","status-publish","format-standard","","category-son-dakika"],"_links":{"self":[{"href":"https:\/\/archive.sana.sy\/tr\/index.php?rest_route=\/wp\/v2\/posts\/65552","targetHints":{"allow":["GET"]}}],"collection":[{"href":"https:\/\/archive.sana.sy\/tr\/index.php?rest_route=\/wp\/v2\/posts"}],"about":[{"href":"https:\/\/archive.sana.sy\/tr\/index.php?rest_route=\/wp\/v2\/types\/post"}],"author":[{"embeddable":true,"href":"https:\/\/archive.sana.sy\/tr\/index.php?rest_route=\/wp\/v2\/users\/1"}],"replies":[{"embeddable":true,"href":"https:\/\/archive.sana.sy\/tr\/index.php?rest_route=%2Fwp%2Fv2%2Fcomments&post=65552"}],"version-history":[{"count":0,"href":"https:\/\/archive.sana.sy\/tr\/index.php?rest_route=\/wp\/v2\/posts\/65552\/revisions"}],"wp:attachment":[{"href":"https:\/\/archive.sana.sy\/tr\/index.php?rest_route=%2Fwp%2Fv2%2Fmedia&parent=65552"}],"wp:term":[{"taxonomy":"category","embeddable":true,"href":"https:\/\/archive.sana.sy\/tr\/index.php?rest_route=%2Fwp%2Fv2%2Fcategories&post=65552"},{"taxonomy":"post_tag","embeddable":true,"href":"https:\/\/archive.sana.sy\/tr\/index.php?rest_route=%2Fwp%2Fv2%2Ftags&post=65552"}],"curies":[{"name":"wp","href":"https:\/\/api.w.org\/{rel}","templated":true}]}}