{"id":65556,"date":"2016-03-19T16:29:23","date_gmt":"2016-03-19T14:29:23","guid":{"rendered":"http:\/\/sana.sy\/tr\/?p=65556"},"modified":"2016-03-20T12:54:55","modified_gmt":"2016-03-20T10:54:55","slug":"tartusta-dil-yuksek-enstitusu-kuruluyor","status":"publish","type":"post","link":"https:\/\/archive.sana.sy\/tr\/?p=65556","title":{"rendered":"Tartus\u2019ta Dil Y\u00fcksek Enstit\u00fcs\u00fc Kuruluyor"},"content":{"rendered":"<p>\u015eAM \u2013 Cumhurba\u015fkan\u0131 Be\u015f\u015far el Esad Tartus\u2019ta Tartus \u00dcniversitesine tabi olarak Dil Y\u00fcksek Enstit\u00fcs\u00fcn\u00fcn kurulmas\u0131n\u0131 \u00f6ng\u00f6ren 2016\/98 say\u0131l\u0131 kararnameyi onaylad\u0131.<\/p>\n<p>Suriye&#8217;de muhtelif dillerin e\u011fitim ve \u00f6\u011frenimlerini geli\u015ftirme ama\u00e7l\u0131 enstit\u00fc kararname gere\u011fince uzmanl\u0131k diplomalar\u0131 da verecek. Dil e\u011fitimi ve \u00f6\u011frenimlerine ili\u015fkin bilimsel ara\u015ft\u0131rma incelemelerde de bulunacak.<\/p>\n","protected":false},"excerpt":{"rendered":"<p>\u015eAM \u2013 Cumhurba\u015fkan\u0131 Be\u015f\u015far el Esad Tartus\u2019ta Tartus \u00dcniversitesine tabi olarak Dil Y\u00fcksek Enstit\u00fcs\u00fcn\u00fcn kurulmas\u0131n\u0131 \u00f6ng\u00f6ren 2016\/98 say\u0131l\u0131 kararnameyi onaylad\u0131. Suriye&#8217;de muhtelif dillerin e\u011fitim ve \u00f6\u011frenimlerini geli\u015ftirme ama\u00e7l\u0131 enstit\u00fc kararname gere\u011fince uzmanl\u0131k diplomalar\u0131 da verecek. Dil e\u011fitimi ve \u00f6\u011frenimlerine ili\u015fkin bilimsel ara\u015ft\u0131rma incelemelerde de bulunacak.<\/p>\n","protected":false},"author":1,"featured_media":56583,"comment_status":"closed","ping_status":"closed","sticky":false,"template":"","format":"standard","meta":{"footnotes":""},"categories":[479,605,612,599,478],"tags":[],"class_list":["post-65556","post","type-post","status-publish","format-standard","has-post-thumbnail","","category-haberler-yerel","category-sayin-cumhurbaskani","category-yasama-kararnameler","category-yasama-ve-kanunlar","category-yerel"],"_links":{"self":[{"href":"https:\/\/archive.sana.sy\/tr\/index.php?rest_route=\/wp\/v2\/posts\/65556","targetHints":{"allow":["GET"]}}],"collection":[{"href":"https:\/\/archive.sana.sy\/tr\/index.php?rest_route=\/wp\/v2\/posts"}],"about":[{"href":"https:\/\/archive.sana.sy\/tr\/index.php?rest_route=\/wp\/v2\/types\/post"}],"author":[{"embeddable":true,"href":"https:\/\/archive.sana.sy\/tr\/index.php?rest_route=\/wp\/v2\/users\/1"}],"replies":[{"embeddable":true,"href":"https:\/\/archive.sana.sy\/tr\/index.php?rest_route=%2Fwp%2Fv2%2Fcomments&post=65556"}],"version-history":[{"count":0,"href":"https:\/\/archive.sana.sy\/tr\/index.php?rest_route=\/wp\/v2\/posts\/65556\/revisions"}],"wp:featuredmedia":[{"embeddable":true,"href":"https:\/\/archive.sana.sy\/tr\/index.php?rest_route=\/wp\/v2\/media\/56583"}],"wp:attachment":[{"href":"https:\/\/archive.sana.sy\/tr\/index.php?rest_route=%2Fwp%2Fv2%2Fmedia&parent=65556"}],"wp:term":[{"taxonomy":"category","embeddable":true,"href":"https:\/\/archive.sana.sy\/tr\/index.php?rest_route=%2Fwp%2Fv2%2Fcategories&post=65556"},{"taxonomy":"post_tag","embeddable":true,"href":"https:\/\/archive.sana.sy\/tr\/index.php?rest_route=%2Fwp%2Fv2%2Ftags&post=65556"}],"curies":[{"name":"wp","href":"https:\/\/api.w.org\/{rel}","templated":true}]}}