{"id":65590,"date":"2016-03-19T16:46:35","date_gmt":"2016-03-19T14:46:35","guid":{"rendered":"http:\/\/sana.sy\/tr\/?p=65590"},"modified":"2016-03-20T18:09:46","modified_gmt":"2016-03-20T16:09:46","slug":"ordu-stratejik-ilerlemeler-kaydetti","status":"publish","type":"post","link":"https:\/\/archive.sana.sy\/tr\/?p=65590","title":{"rendered":"Ordu Stratejik \u0130lerlemeler Kaydetti (video)"},"content":{"rendered":"<p>\u0130LLER \u2013 D\u0131\u015f g\u00fc\u00e7ler ve istihbarat birimlerinin patronajl\u0131\u011f\u0131nda Suriye\u2019de ter\u00f6r estiren kiral\u0131k ve tekfirci \u00e7etelere kar\u015f\u0131 ba\u015far\u0131l\u0131 operasyonlar\u0131n\u0131 s\u00fcrd\u00fcren ordu birliklerimiz bug\u00fcn bu \u00e7eteleri a\u011f\u0131r kay\u0131plara u\u011fratarak stratejik ilerlemeler kaydetmeye devam etti.<\/p>\n<p><span style=\"color: #0000ff\">DEYREZZOR:<\/span><\/p>\n<p>Saha kaynaklar\u0131 SANA\u2019ya a\u00e7\u0131klamalar\u0131nda; ordu birliklerimizin Deyrezzor Kentinin yakla\u015f\u0131k 16 km g\u00fcneyine d\u00fc\u015fen Teym Petrol Platformu \u00e7evresindeki Elektrik \u015eirketinin civar\u0131nda I\u015e\u0130D\u2019li \u00e7etelerin siper ve barikat kurmada kulland\u0131klar\u0131 bir dozeri g\u00fcd\u00fcml\u00fc f\u00fczeyle hedef ald\u0131klar\u0131n\u0131 belirtti. Kaynak operasyonda dozer ve beraberindeki ter\u00f6ristlerin imha edildiklerini aktard\u0131.<\/p>\n<p>Deyrezzor Kentinin yakla\u015f\u0131k 7 km bat\u0131s\u0131na d\u00fc\u015fen B\u011fayliye K\u00f6y\u00fc Mahrukat Tepesinde de ordu birliklerimizin I\u015e\u0130D ter\u00f6r \u00f6rg\u00fct\u00fcn\u00fcn toplanma yerleri ve mevkilerini yo\u011fun ate\u015fe tutuklar\u0131n\u0131 belirten kaynaklar; ter\u00f6rist ve cephane ta\u015f\u0131yan bir arac\u0131 tamamen imha ettiklerine dikkat \u00e7ekti.<\/p>\n<p><span style=\"color: #0000ff\">HOMS:<\/span><\/p>\n<p>\u00d6te yandan askeri kaynak; ordu birliklerimizin destek\u00e7i g\u00fc\u00e7lerle i\u015fbirli\u011fi i\u00e7inde Homs k\u0131rsal\u0131n\u0131n g\u00fcneydo\u011fusu Senyet Hayt ve Senyet Ra\u015fid b\u00f6lgelerine ilaveten Tavval ve Tel K\u00fcrdi tepeleri, Revabi el Tahin s\u0131rada\u011flar\u0131 ve Karyeten Kentine bakan Cbeyl Da\u011f\u0131n\u0131 tekfircilerden temizleyerek kontrollerine ald\u0131klar\u0131n\u0131 aktard\u0131.<\/p>\n<p>Kaynak; ordu birliklerimize tabi bomba imha ekiplerinin arama tarama operasyonlar\u0131nda ordunun ilerlemesini engellemek i\u00e7in bu b\u00f6lgelere yerle\u015ftirilen t\u00fcm may\u0131n ve bubi tuzaklar\u0131n\u0131 etkisiz hale getirdiklerini s\u00f6yledi.<\/p>\n<p>Bu arada medya ara\u00e7lar\u0131 ordu birliklerimizin Tedmur Kenti civar\u0131ndaki operasyonlar\u0131nda I\u015e\u0130D saflar\u0131ndaki tehlikeli isimlerden \u2018Ebu Muhammed el L\u00fcbnani\u2019 kod ad\u0131yla bilenin Taha el Denda\u015fi\u2019nin aralar\u0131nda bulundu\u011fu \u00e7ok say\u0131da tekfircinin \u00f6ld\u00fcr\u00fcld\u00fc\u011f\u00fcn\u00fc aktard\u0131.<\/p>\n<p>https:\/\/www.youtube.com\/watch?time_continue=7&#038;v=rqfktDK07a4<\/p>\n<p><span style=\"color: #0000ff\">S\u00dcVEYDA:<\/span><\/p>\n<p>Ak\u015fam saatlerinde a\u00e7\u0131klama yapan askeri bir kaynak; ordu birliklerimizin S\u00fcveyda k\u0131rsal\u0131 Kasr K\u00f6y\u00fcn\u00fcn kuzeydo\u011fusunda I\u015e\u0130D\u2019in mevkii ve ara\u00e7lar\u0131n\u0131 imha ettiklerini beyan etti.<\/p>\n","protected":false},"excerpt":{"rendered":"<p>\u0130LLER \u2013 D\u0131\u015f g\u00fc\u00e7ler ve istihbarat birimlerinin patronajl\u0131\u011f\u0131nda Suriye\u2019de ter\u00f6r estiren kiral\u0131k ve tekfirci \u00e7etelere kar\u015f\u0131 ba\u015far\u0131l\u0131 operasyonlar\u0131n\u0131 s\u00fcrd\u00fcren ordu birliklerimiz bug\u00fcn bu \u00e7eteleri a\u011f\u0131r kay\u0131plara u\u011fratarak stratejik ilerlemeler kaydetmeye devam etti. DEYREZZOR: Saha kaynaklar\u0131 SANA\u2019ya a\u00e7\u0131klamalar\u0131nda; ordu birliklerimizin Deyrezzor Kentinin yakla\u015f\u0131k 16 km g\u00fcneyine d\u00fc\u015fen Teym Petrol Platformu \u00e7evresindeki Elektrik \u015eirketinin civar\u0131nda I\u015e\u0130D\u2019li \u00e7etelerin &hellip;<\/p>\n","protected":false},"author":1,"featured_media":65591,"comment_status":"closed","ping_status":"closed","sticky":false,"template":"","format":"standard","meta":{"footnotes":""},"categories":[575],"tags":[],"class_list":["post-65590","post","type-post","status-publish","format-standard","has-post-thumbnail","","category-olaylar-ve-gercekler"],"_links":{"self":[{"href":"https:\/\/archive.sana.sy\/tr\/index.php?rest_route=\/wp\/v2\/posts\/65590","targetHints":{"allow":["GET"]}}],"collection":[{"href":"https:\/\/archive.sana.sy\/tr\/index.php?rest_route=\/wp\/v2\/posts"}],"about":[{"href":"https:\/\/archive.sana.sy\/tr\/index.php?rest_route=\/wp\/v2\/types\/post"}],"author":[{"embeddable":true,"href":"https:\/\/archive.sana.sy\/tr\/index.php?rest_route=\/wp\/v2\/users\/1"}],"replies":[{"embeddable":true,"href":"https:\/\/archive.sana.sy\/tr\/index.php?rest_route=%2Fwp%2Fv2%2Fcomments&post=65590"}],"version-history":[{"count":0,"href":"https:\/\/archive.sana.sy\/tr\/index.php?rest_route=\/wp\/v2\/posts\/65590\/revisions"}],"wp:featuredmedia":[{"embeddable":true,"href":"https:\/\/archive.sana.sy\/tr\/index.php?rest_route=\/wp\/v2\/media\/65591"}],"wp:attachment":[{"href":"https:\/\/archive.sana.sy\/tr\/index.php?rest_route=%2Fwp%2Fv2%2Fmedia&parent=65590"}],"wp:term":[{"taxonomy":"category","embeddable":true,"href":"https:\/\/archive.sana.sy\/tr\/index.php?rest_route=%2Fwp%2Fv2%2Fcategories&post=65590"},{"taxonomy":"post_tag","embeddable":true,"href":"https:\/\/archive.sana.sy\/tr\/index.php?rest_route=%2Fwp%2Fv2%2Ftags&post=65590"}],"curies":[{"name":"wp","href":"https:\/\/api.w.org\/{rel}","templated":true}]}}