{"id":65623,"date":"2016-03-20T12:24:07","date_gmt":"2016-03-20T10:24:07","guid":{"rendered":"http:\/\/sana.sy\/tr\/?p=65623"},"modified":"2016-03-21T17:12:42","modified_gmt":"2016-03-21T15:12:42","slug":"halepte-gaddar-saldirilarin-bilancosu-67den-fazla-oldu","status":"publish","type":"post","link":"https:\/\/archive.sana.sy\/tr\/?p=65623","title":{"rendered":"Erdo\u011fan Rejimine Tabi Ter\u00f6ristler Sivillere Sald\u0131r\u0131lar\u0131yla \u0130hlallerini S\u00fcrd\u00fcr\u00fcyor\u200f"},"content":{"rendered":"<p>\u0130LLER \u2013 D\u0131\u015f g\u00fc\u00e7lerin destek ve talimatlar\u0131yla vah\u015fetlerini s\u00fcrd\u00fcren ter\u00f6r \u00f6rg\u00fctleri \u00e7at\u0131\u015fmalar\u0131 durdurma anla\u015fmas\u0131na yeni bir ihlalle Halep Kentinin sivil yerle\u015fim alanlar\u0131ndan \u015eeyh Maksud Semtine bir kez daha f\u00fcze ve havan toplar\u0131yla sald\u0131rd\u0131lar.<\/p>\n<p>Semtten yerel kaynaklar SANA ile telefon ba\u011flant\u0131s\u0131nda ter\u00f6ristlerin gece saatlerinde vatanda\u015flar\u0131n evlerini f\u00fcze ve havan toplar\u0131yla sald\u0131rd\u0131klar\u0131n\u0131 aktard\u0131. Kaynaklar gaddar geli\u015fig\u00fczel sald\u0131r\u0131larda bir aileden 3 ki\u015fi olmak \u00fczere toplam 4 vatanda\u015f\u0131n \u015fehit, 7 vatanda\u015f\u0131n da yaraland\u0131\u011f\u0131n\u0131 belirtti.<\/p>\n<p>Halep ve k\u0131rsal\u0131nda Erdo\u011fan ve Al Suud rejimlerinden destek ve talimat alan ter\u00f6ristlerin \u00e7at\u0131\u015fmalar\u0131 durdurma anla\u015fmas\u0131n\u0131n 27 \u015eubat tarihinde y\u00fcr\u00fcrl\u00fc\u011f\u00fcne girmesinden bug\u00fcne dek Halep ve k\u0131rsal\u0131nda sivil b\u00f6lgelere y\u00f6nelik sald\u0131r\u0131lar\u0131n\u0131n bilan\u00e7osu aralar\u0131nda kad\u0131n ve \u00e7ocuklar\u0131n bulundu\u011fu 67\u2019den fazla \u015fehit, 65 yaral\u0131ya y\u00fckselmi\u015f oldu.<\/p>\n<p><span style=\"color: #0000ff\">\u0130DL\u0130B:<\/span><\/p>\n<p>Di\u011fer yandan \u0130dlib k\u0131rsal\u0131nda yine Erdo\u011fan ve Suudi rejimlerinin \u2018Fetih Ordusu\u2019 ad\u0131 alt\u0131nda destekleyip komuta ettikleri ter\u00f6ristlerin ablukas\u0131 alt\u0131nda ya\u015fam m\u00fccadelesi veren Fua Beldesi ahalisine d\u00fcn gece ve bug\u00fcn civar b\u00f6lgelerdeki keskin ni\u015fanc\u0131 ter\u00f6ristler ate\u015f a\u00e7t\u0131.<\/p>\n<p>Yerel kaynaklar SANA\u2019ya a\u00e7\u0131klamalar\u0131nda Benni\u015f Beldesindeki keskin ni\u015fanc\u0131 ter\u00f6ristlerin \u00e7at\u0131\u015fmalar\u0131 durdurma anla\u015fmas\u0131n\u0131 ihlal ederek a\u00e7t\u0131klar\u0131 ate\u015f sonucunda 3 vatanda\u015f\u0131n \u015fehit d\u00fc\u015ft\u00fc\u011f\u00fcn\u00fc belirtti.<\/p>\n","protected":false},"excerpt":{"rendered":"<p>\u0130LLER \u2013 D\u0131\u015f g\u00fc\u00e7lerin destek ve talimatlar\u0131yla vah\u015fetlerini s\u00fcrd\u00fcren ter\u00f6r \u00f6rg\u00fctleri \u00e7at\u0131\u015fmalar\u0131 durdurma anla\u015fmas\u0131na yeni bir ihlalle Halep Kentinin sivil yerle\u015fim alanlar\u0131ndan \u015eeyh Maksud Semtine bir kez daha f\u00fcze ve havan toplar\u0131yla sald\u0131rd\u0131lar. Semtten yerel kaynaklar SANA ile telefon ba\u011flant\u0131s\u0131nda ter\u00f6ristlerin gece saatlerinde vatanda\u015flar\u0131n evlerini f\u00fcze ve havan toplar\u0131yla sald\u0131rd\u0131klar\u0131n\u0131 aktard\u0131. Kaynaklar gaddar geli\u015fig\u00fczel sald\u0131r\u0131larda &hellip;<\/p>\n","protected":false},"author":1,"featured_media":65631,"comment_status":"closed","ping_status":"closed","sticky":false,"template":"","format":"standard","meta":{"footnotes":""},"categories":[479,575,17988,478],"tags":[19944],"class_list":["post-65623","post","type-post","status-publish","format-standard","has-post-thumbnail","","category-haberler-yerel","category-olaylar-ve-gercekler","category-son-haberler","category-yerel","tag-halepte-gaddar-saldirilarin-bilancosu-67den-fazla-oldu"],"_links":{"self":[{"href":"https:\/\/archive.sana.sy\/tr\/index.php?rest_route=\/wp\/v2\/posts\/65623","targetHints":{"allow":["GET"]}}],"collection":[{"href":"https:\/\/archive.sana.sy\/tr\/index.php?rest_route=\/wp\/v2\/posts"}],"about":[{"href":"https:\/\/archive.sana.sy\/tr\/index.php?rest_route=\/wp\/v2\/types\/post"}],"author":[{"embeddable":true,"href":"https:\/\/archive.sana.sy\/tr\/index.php?rest_route=\/wp\/v2\/users\/1"}],"replies":[{"embeddable":true,"href":"https:\/\/archive.sana.sy\/tr\/index.php?rest_route=%2Fwp%2Fv2%2Fcomments&post=65623"}],"version-history":[{"count":0,"href":"https:\/\/archive.sana.sy\/tr\/index.php?rest_route=\/wp\/v2\/posts\/65623\/revisions"}],"wp:featuredmedia":[{"embeddable":true,"href":"https:\/\/archive.sana.sy\/tr\/index.php?rest_route=\/wp\/v2\/media\/65631"}],"wp:attachment":[{"href":"https:\/\/archive.sana.sy\/tr\/index.php?rest_route=%2Fwp%2Fv2%2Fmedia&parent=65623"}],"wp:term":[{"taxonomy":"category","embeddable":true,"href":"https:\/\/archive.sana.sy\/tr\/index.php?rest_route=%2Fwp%2Fv2%2Fcategories&post=65623"},{"taxonomy":"post_tag","embeddable":true,"href":"https:\/\/archive.sana.sy\/tr\/index.php?rest_route=%2Fwp%2Fv2%2Ftags&post=65623"}],"curies":[{"name":"wp","href":"https:\/\/api.w.org\/{rel}","templated":true}]}}