{"id":65626,"date":"2016-03-19T23:02:35","date_gmt":"2016-03-19T21:02:35","guid":{"rendered":"http:\/\/sana.sy\/tr\/?p=65626"},"modified":"2016-03-20T12:04:33","modified_gmt":"2016-03-20T10:04:33","slug":"zoubi-halkin-iradesini-yansitmayan-bir-karar-gelecegi-belirleyemez","status":"publish","type":"post","link":"https:\/\/archive.sana.sy\/tr\/?p=65626","title":{"rendered":"Halk\u0131n \u0130radesini Yans\u0131tmayan Bir Karar Gelece\u011fi Belirleyemez"},"content":{"rendered":"<p>\u015eAM \u2013 Enformasyon Bakan\u0131 Omran el Zoubi, Suriye\u2019ye kar\u015f\u0131 s\u00fcrd\u00fcr\u00fclen sava\u015f\u0131n durdurulmas\u0131 ile ilgili \u00e7\u00f6z\u00fcmlerin Suriye devletinin ulusal egemenli\u011fi ve Suriye halk\u0131n\u0131n iradesine sayg\u0131 temelinde olmas\u0131 gerekti\u011fini bu iki ilkeyi g\u00f6rmezden gelen hi\u00e7bir \u00e7\u00f6z\u00fcm\u00fcn bir k\u0131ymeti olmayaca\u011f\u0131n\u0131 ifade etti.<\/p>\n<p>Bu ak\u015fam Suriye Televizyonuna bir r\u00f6portaj veren Zoubi, Cenevre\u2019de d\u00fczenlenen Suriyeli-Suriyeli Diyalog g\u00f6r\u00fc\u015fmelerinin ba\u015far\u0131s\u0131z olmas\u0131na izin verilmeyece\u011fini dile getirerek diyalog i\u00e7in \u00f6nko\u015ful s\u00fcr\u00fclmesi s\u00f6ylemlerinin hi\u00e7bir \u015fekilde kabul edilemeyece\u011fini ve Riyad Muhalefet Grubunun diyalog g\u00f6r\u00fc\u015fmelerini baltalamak istemesi durumunda sonu\u00e7lar\u0131na katlanmas\u0131 gerekece\u011finin alt\u0131n\u0131 \u00e7izdi.<\/p>\n<p>Cenevre\u2019de g\u00f6r\u00fc\u015fmelerle ilgili Suriye Arap Cumhuriyeti heyetinin g\u00f6r\u00fc\u015fmeler ve siyasi \u00e7\u00f6z\u00fcm ile ilgili a\u00e7\u0131k ve net ilkeleri belirtti\u011fine i\u015faret eden Zoubi, Riyad Muhalefet Grubunun siyasi \u00e7\u00f6z\u00fcm s\u00fcrecine gitmede ciddi olup olmad\u0131\u011f\u0131n\u0131n bir tart\u0131\u015fma konusu oldu\u011funu ibraz etti.<\/p>\n<p>Suriye\u2019nin sava\u015f\u0131 sonland\u0131rmakta \u0131srarl\u0131 oldu\u011funu dile getiren Zoubi, \u00fclke i\u00e7indeki yerel uzla\u015fma \u00e7emberinin geni\u015fletilmesi ve ter\u00f6re kar\u015f\u0131 m\u00fccadelenin tavizsiz bir \u015fekilde devam etmesinin bu \u0131srar\u0131 yans\u0131tt\u0131\u011f\u0131n\u0131 vurgulad\u0131.<\/p>\n<p>Kuzey Suriye Federasyonunun ilan edilmesi ile ilgili soruya cevaben, b\u00f6yle bir ilan\u0131n ne Suriye kanunlar\u0131nda ne de uluslararas\u0131 kanunlarda bir yeri bulunmad\u0131\u011f\u0131na i\u015faret eden Zoubi, bu federasyonun b\u00fct\u00fcn Suriyeli K\u00fcrtlerin iradesini yans\u0131tmad\u0131\u011f\u0131n\u0131 ve halk\u0131n iradesine dayanmayan hi\u00e7bir kararla bir halk\u0131n kaderinin tayin edilemeyece\u011finin alt\u0131n\u0131 \u00e7izdi.<\/p>\n","protected":false},"excerpt":{"rendered":"<p>\u015eAM \u2013 Enformasyon Bakan\u0131 Omran el Zoubi, Suriye\u2019ye kar\u015f\u0131 s\u00fcrd\u00fcr\u00fclen sava\u015f\u0131n durdurulmas\u0131 ile ilgili \u00e7\u00f6z\u00fcmlerin Suriye devletinin ulusal egemenli\u011fi ve Suriye halk\u0131n\u0131n iradesine sayg\u0131 temelinde olmas\u0131 gerekti\u011fini bu iki ilkeyi g\u00f6rmezden gelen hi\u00e7bir \u00e7\u00f6z\u00fcm\u00fcn bir k\u0131ymeti olmayaca\u011f\u0131n\u0131 ifade etti. Bu ak\u015fam Suriye Televizyonuna bir r\u00f6portaj veren Zoubi, Cenevre\u2019de d\u00fczenlenen Suriyeli-Suriyeli Diyalog g\u00f6r\u00fc\u015fmelerinin ba\u015far\u0131s\u0131z olmas\u0131na izin &hellip;<\/p>\n","protected":false},"author":1,"featured_media":65627,"comment_status":"closed","ping_status":"closed","sticky":false,"template":"","format":"standard","meta":{"footnotes":""},"categories":[556,479,17988,557,478],"tags":[17124],"class_list":["post-65626","post","type-post","status-publish","format-standard","has-post-thumbnail","","category-basin","category-haberler-yerel","category-son-haberler","category-suriye-basini","category-yerel","tag-enformasyon-bakani-omran-el-zoubi"],"_links":{"self":[{"href":"https:\/\/archive.sana.sy\/tr\/index.php?rest_route=\/wp\/v2\/posts\/65626","targetHints":{"allow":["GET"]}}],"collection":[{"href":"https:\/\/archive.sana.sy\/tr\/index.php?rest_route=\/wp\/v2\/posts"}],"about":[{"href":"https:\/\/archive.sana.sy\/tr\/index.php?rest_route=\/wp\/v2\/types\/post"}],"author":[{"embeddable":true,"href":"https:\/\/archive.sana.sy\/tr\/index.php?rest_route=\/wp\/v2\/users\/1"}],"replies":[{"embeddable":true,"href":"https:\/\/archive.sana.sy\/tr\/index.php?rest_route=%2Fwp%2Fv2%2Fcomments&post=65626"}],"version-history":[{"count":0,"href":"https:\/\/archive.sana.sy\/tr\/index.php?rest_route=\/wp\/v2\/posts\/65626\/revisions"}],"wp:featuredmedia":[{"embeddable":true,"href":"https:\/\/archive.sana.sy\/tr\/index.php?rest_route=\/wp\/v2\/media\/65627"}],"wp:attachment":[{"href":"https:\/\/archive.sana.sy\/tr\/index.php?rest_route=%2Fwp%2Fv2%2Fmedia&parent=65626"}],"wp:term":[{"taxonomy":"category","embeddable":true,"href":"https:\/\/archive.sana.sy\/tr\/index.php?rest_route=%2Fwp%2Fv2%2Fcategories&post=65626"},{"taxonomy":"post_tag","embeddable":true,"href":"https:\/\/archive.sana.sy\/tr\/index.php?rest_route=%2Fwp%2Fv2%2Ftags&post=65626"}],"curies":[{"name":"wp","href":"https:\/\/api.w.org\/{rel}","templated":true}]}}