{"id":65635,"date":"2016-03-20T09:44:25","date_gmt":"2016-03-20T07:44:25","guid":{"rendered":"http:\/\/sana.sy\/tr\/?p=65635"},"modified":"2016-03-21T13:20:29","modified_gmt":"2016-03-21T11:20:29","slug":"forum-katilimcilari-bir-dizi-noktayi-tartisti","status":"publish","type":"post","link":"https:\/\/archive.sana.sy\/tr\/?p=65635","title":{"rendered":"Forum Kat\u0131l\u0131mc\u0131lar\u0131 Bir Dizi Noktay\u0131 Tart\u0131\u015ft\u0131 (video)"},"content":{"rendered":"<p>\u015eAM \u2013 Direni\u015f Se\u00e7ene\u011fini Destekleme Arap \u0130slam Forumu bug\u00fcn \u015eam Otelinde \u00e7al\u0131\u015fmalar\u0131n\u0131 s\u00fcrd\u00fcr\u00fcrken, kat\u0131l\u0131mc\u0131lar organize ter\u00f6r ve tekfirci \u00e7etelere kar\u015f\u0131 m\u00fccadele olanaklar\u0131n\u0131 tart\u0131\u015ft\u0131.<\/p>\n<p>Forum kat\u0131l\u0131mc\u0131lar\u0131 ayr\u0131ca bu \u00e7er\u00e7evede Suriye, Rusya, Irak ve \u0130ran aras\u0131nda askeri ve siyasi koordinasyonu ele al\u0131rlarken; \u0130slam aleminin Emperyalist Amerikan Siyonist planlar ve edatlar\u0131na kar\u015f\u0131 koymada \u00e7abalar\u0131 birle\u015ftirme mekanizmalar\u0131n\u0131 masaya yat\u0131rd\u0131. Dini ve etnik fitneye kar\u015f\u0131 m\u00fccadele yollar\u0131n\u0131n da ele al\u0131nd\u0131\u011f\u0131 forum \u00e7al\u0131\u015fmalar\u0131nda tekfirci ter\u00f6r ve emperyalist planlar\u0131n t\u00fcm \u0130slam alemini hedef ald\u0131\u011f\u0131na dikkat \u00e7ekti.<\/p>\n<p>Forum \u2018Amerikan ve Siyo-Tekfirci D\u00fc\u015fmana Kar\u015f\u0131 M\u00fccadelede \u00dcmmet\u2019 slogan\u0131 alt\u0131nda Cumhurba\u015fkan\u0131 Be\u015f\u015far el Esad\u2019\u0131n g\u00f6zetimi alt\u0131nda 28 devletten \u015fahsiyetlerin kat\u0131l\u0131m\u0131yla \u015eam\u2019daki Esad K\u00fclt\u00fcr Sanat Merkezinde d\u00fcn faaliyetlerine ba\u015flam\u0131\u015ft\u0131.<\/p>\n<div id='gallery-1' class='gallery galleryid-65635 gallery-columns-2 gallery-size-medium'><figure class='gallery-item'>\n\t\t\t<div class='gallery-icon landscape'>\n\t\t\t\t<a href='https:\/\/archive.sana.sy\/tr\/wp-content\/uploads\/2016\/03\/forum-2.jpg'><img loading=\"lazy\" decoding=\"async\" width=\"300\" height=\"181\" src=\"https:\/\/archive.sana.sy\/tr\/wp-content\/uploads\/2016\/03\/forum-2-300x181.jpg\" class=\"attachment-medium size-medium\" alt=\"\" srcset=\"https:\/\/archive.sana.sy\/tr\/wp-content\/uploads\/2016\/03\/forum-2-300x181.jpg 300w, https:\/\/archive.sana.sy\/tr\/wp-content\/uploads\/2016\/03\/forum-2-150x90.jpg 150w, https:\/\/archive.sana.sy\/tr\/wp-content\/uploads\/2016\/03\/forum-2-768x462.jpg 768w, https:\/\/archive.sana.sy\/tr\/wp-content\/uploads\/2016\/03\/forum-2-1024x616.jpg 1024w\" sizes=\"auto, (max-width: 300px) 100vw, 300px\" \/><\/a>\n\t\t\t<\/div><\/figure><figure class='gallery-item'>\n\t\t\t<div class='gallery-icon landscape'>\n\t\t\t\t<a href='https:\/\/archive.sana.sy\/tr\/wp-content\/uploads\/2016\/03\/forum-3.jpg'><img loading=\"lazy\" decoding=\"async\" width=\"300\" height=\"174\" src=\"https:\/\/archive.sana.sy\/tr\/wp-content\/uploads\/2016\/03\/forum-3-300x174.jpg\" class=\"attachment-medium size-medium\" alt=\"\" srcset=\"https:\/\/archive.sana.sy\/tr\/wp-content\/uploads\/2016\/03\/forum-3-300x174.jpg 300w, https:\/\/archive.sana.sy\/tr\/wp-content\/uploads\/2016\/03\/forum-3-150x87.jpg 150w, https:\/\/archive.sana.sy\/tr\/wp-content\/uploads\/2016\/03\/forum-3-768x447.jpg 768w, https:\/\/archive.sana.sy\/tr\/wp-content\/uploads\/2016\/03\/forum-3-1024x595.jpg 1024w\" sizes=\"auto, (max-width: 300px) 100vw, 300px\" \/><\/a>\n\t\t\t<\/div><\/figure><figure class='gallery-item'>\n\t\t\t<div class='gallery-icon landscape'>\n\t\t\t\t<a href='https:\/\/archive.sana.sy\/tr\/wp-content\/uploads\/2016\/03\/forum-4.jpg'><img loading=\"lazy\" decoding=\"async\" width=\"300\" height=\"200\" src=\"https:\/\/archive.sana.sy\/tr\/wp-content\/uploads\/2016\/03\/forum-4-300x200.jpg\" class=\"attachment-medium size-medium\" alt=\"\" srcset=\"https:\/\/archive.sana.sy\/tr\/wp-content\/uploads\/2016\/03\/forum-4-300x200.jpg 300w, https:\/\/archive.sana.sy\/tr\/wp-content\/uploads\/2016\/03\/forum-4-150x100.jpg 150w, https:\/\/archive.sana.sy\/tr\/wp-content\/uploads\/2016\/03\/forum-4-768x511.jpg 768w, https:\/\/archive.sana.sy\/tr\/wp-content\/uploads\/2016\/03\/forum-4-1024x682.jpg 1024w\" sizes=\"auto, (max-width: 300px) 100vw, 300px\" \/><\/a>\n\t\t\t<\/div><\/figure><figure class='gallery-item'>\n\t\t\t<div class='gallery-icon landscape'>\n\t\t\t\t<a href='https:\/\/archive.sana.sy\/tr\/wp-content\/uploads\/2016\/03\/forum-5.jpg'><img loading=\"lazy\" decoding=\"async\" width=\"300\" height=\"192\" src=\"https:\/\/archive.sana.sy\/tr\/wp-content\/uploads\/2016\/03\/forum-5-300x192.jpg\" class=\"attachment-medium size-medium\" alt=\"\" srcset=\"https:\/\/archive.sana.sy\/tr\/wp-content\/uploads\/2016\/03\/forum-5-300x192.jpg 300w, https:\/\/archive.sana.sy\/tr\/wp-content\/uploads\/2016\/03\/forum-5-150x96.jpg 150w, https:\/\/archive.sana.sy\/tr\/wp-content\/uploads\/2016\/03\/forum-5-768x491.jpg 768w, https:\/\/archive.sana.sy\/tr\/wp-content\/uploads\/2016\/03\/forum-5-1024x655.jpg 1024w\" sizes=\"auto, (max-width: 300px) 100vw, 300px\" \/><\/a>\n\t\t\t<\/div><\/figure>\n\t\t<\/div>\n\n<p>https:\/\/www.youtube.com\/watch?time_continue=11&#038;v=PIWOoTS4-iQ<\/p>\n","protected":false},"excerpt":{"rendered":"<p>\u015eAM \u2013 Direni\u015f Se\u00e7ene\u011fini Destekleme Arap \u0130slam Forumu bug\u00fcn \u015eam Otelinde \u00e7al\u0131\u015fmalar\u0131n\u0131 s\u00fcrd\u00fcr\u00fcrken, kat\u0131l\u0131mc\u0131lar organize ter\u00f6r ve tekfirci \u00e7etelere kar\u015f\u0131 m\u00fccadele olanaklar\u0131n\u0131 tart\u0131\u015ft\u0131. Forum kat\u0131l\u0131mc\u0131lar\u0131 ayr\u0131ca bu \u00e7er\u00e7evede Suriye, Rusya, Irak ve \u0130ran aras\u0131nda askeri ve siyasi koordinasyonu ele al\u0131rlarken; \u0130slam aleminin Emperyalist Amerikan Siyonist planlar ve edatlar\u0131na kar\u015f\u0131 koymada \u00e7abalar\u0131 birle\u015ftirme mekanizmalar\u0131n\u0131 masaya yat\u0131rd\u0131. &hellip;<\/p>\n","protected":false},"author":1,"featured_media":65663,"comment_status":"closed","ping_status":"closed","sticky":false,"template":"","format":"standard","meta":{"footnotes":""},"categories":[479,17988,478],"tags":[19927,19950],"class_list":["post-65635","post","type-post","status-publish","format-standard","has-post-thumbnail","","category-haberler-yerel","category-son-haberler","category-yerel","tag-direnis-secenegini-destekleme-arap-islam-forumu","tag-forum-katilimcilari-bir-dizi-noktayi-tartisti"],"_links":{"self":[{"href":"https:\/\/archive.sana.sy\/tr\/index.php?rest_route=\/wp\/v2\/posts\/65635","targetHints":{"allow":["GET"]}}],"collection":[{"href":"https:\/\/archive.sana.sy\/tr\/index.php?rest_route=\/wp\/v2\/posts"}],"about":[{"href":"https:\/\/archive.sana.sy\/tr\/index.php?rest_route=\/wp\/v2\/types\/post"}],"author":[{"embeddable":true,"href":"https:\/\/archive.sana.sy\/tr\/index.php?rest_route=\/wp\/v2\/users\/1"}],"replies":[{"embeddable":true,"href":"https:\/\/archive.sana.sy\/tr\/index.php?rest_route=%2Fwp%2Fv2%2Fcomments&post=65635"}],"version-history":[{"count":0,"href":"https:\/\/archive.sana.sy\/tr\/index.php?rest_route=\/wp\/v2\/posts\/65635\/revisions"}],"wp:featuredmedia":[{"embeddable":true,"href":"https:\/\/archive.sana.sy\/tr\/index.php?rest_route=\/wp\/v2\/media\/65663"}],"wp:attachment":[{"href":"https:\/\/archive.sana.sy\/tr\/index.php?rest_route=%2Fwp%2Fv2%2Fmedia&parent=65635"}],"wp:term":[{"taxonomy":"category","embeddable":true,"href":"https:\/\/archive.sana.sy\/tr\/index.php?rest_route=%2Fwp%2Fv2%2Fcategories&post=65635"},{"taxonomy":"post_tag","embeddable":true,"href":"https:\/\/archive.sana.sy\/tr\/index.php?rest_route=%2Fwp%2Fv2%2Ftags&post=65635"}],"curies":[{"name":"wp","href":"https:\/\/api.w.org\/{rel}","templated":true}]}}