{"id":65642,"date":"2016-03-20T12:10:39","date_gmt":"2016-03-20T10:10:39","guid":{"rendered":"http:\/\/sana.sy\/tr\/?p=65642"},"modified":"2016-03-20T13:13:36","modified_gmt":"2016-03-20T11:13:36","slug":"sanaya-aciklama-yapan-askeri-kaynak-ordu-birliklerimizin-halk-savunma-gucleriyle-isbirligi-icinde-lazkiye-kirsalinda-kale-dagi-ve-ayn-el-bayda-eksenlerinde-askeri-noktalara-saldiri-girisimind","status":"publish","type":"post","link":"https:\/\/archive.sana.sy\/tr\/?p=65642","title":{"rendered":"SANA\u2019ya a\u00e7\u0131klama yapan askeri kaynak ordu birliklerimizin Halk Savunma G\u00fc\u00e7leriyle i\u015fbirli\u011fi i\u00e7inde Lazkiye k\u0131rsal\u0131nda Kale Da\u011f\u0131 ve Ayn el Bayda eksenlerinde askeri noktalara sald\u0131r\u0131 giri\u015fiminde bulunan ter\u00f6ristleri a\u011f\u0131r kay\u0131plara u\u011fratarak sald\u0131r\u0131lar\u0131n\u0131 \u00e7\u00f6kerttiklerini belirtti"},"content":{"rendered":"<p>SANA\u2019ya a\u00e7\u0131klama yapan askeri kaynak ordu birliklerimizin Halk Savunma G\u00fc\u00e7leriyle i\u015fbirli\u011fi i\u00e7inde Lazkiye k\u0131rsal\u0131nda Kale Da\u011f\u0131 ve Ayn el Bayda eksenlerinde askeri noktalara sald\u0131r\u0131 giri\u015fiminde bulunan ter\u00f6ristleri a\u011f\u0131r kay\u0131plara u\u011fratarak sald\u0131r\u0131lar\u0131n\u0131 \u00e7\u00f6kerttiklerini belirtti<\/p>\n","protected":false},"excerpt":{"rendered":"<p>SANA\u2019ya a\u00e7\u0131klama yapan askeri kaynak ordu birliklerimizin Halk Savunma G\u00fc\u00e7leriyle i\u015fbirli\u011fi i\u00e7inde Lazkiye k\u0131rsal\u0131nda Kale Da\u011f\u0131 ve Ayn el Bayda eksenlerinde askeri noktalara sald\u0131r\u0131 giri\u015fiminde bulunan ter\u00f6ristleri a\u011f\u0131r kay\u0131plara u\u011fratarak sald\u0131r\u0131lar\u0131n\u0131 \u00e7\u00f6kerttiklerini belirtti<\/p>\n","protected":false},"author":1,"featured_media":0,"comment_status":"closed","ping_status":"closed","sticky":false,"template":"","format":"standard","meta":{"footnotes":""},"categories":[17991],"tags":[],"class_list":["post-65642","post","type-post","status-publish","format-standard","","category-son-dakika"],"_links":{"self":[{"href":"https:\/\/archive.sana.sy\/tr\/index.php?rest_route=\/wp\/v2\/posts\/65642","targetHints":{"allow":["GET"]}}],"collection":[{"href":"https:\/\/archive.sana.sy\/tr\/index.php?rest_route=\/wp\/v2\/posts"}],"about":[{"href":"https:\/\/archive.sana.sy\/tr\/index.php?rest_route=\/wp\/v2\/types\/post"}],"author":[{"embeddable":true,"href":"https:\/\/archive.sana.sy\/tr\/index.php?rest_route=\/wp\/v2\/users\/1"}],"replies":[{"embeddable":true,"href":"https:\/\/archive.sana.sy\/tr\/index.php?rest_route=%2Fwp%2Fv2%2Fcomments&post=65642"}],"version-history":[{"count":0,"href":"https:\/\/archive.sana.sy\/tr\/index.php?rest_route=\/wp\/v2\/posts\/65642\/revisions"}],"wp:attachment":[{"href":"https:\/\/archive.sana.sy\/tr\/index.php?rest_route=%2Fwp%2Fv2%2Fmedia&parent=65642"}],"wp:term":[{"taxonomy":"category","embeddable":true,"href":"https:\/\/archive.sana.sy\/tr\/index.php?rest_route=%2Fwp%2Fv2%2Fcategories&post=65642"},{"taxonomy":"post_tag","embeddable":true,"href":"https:\/\/archive.sana.sy\/tr\/index.php?rest_route=%2Fwp%2Fv2%2Ftags&post=65642"}],"curies":[{"name":"wp","href":"https:\/\/api.w.org\/{rel}","templated":true}]}}