{"id":65644,"date":"2016-03-20T13:26:38","date_gmt":"2016-03-20T11:26:38","guid":{"rendered":"http:\/\/sana.sy\/tr\/?p=65644"},"modified":"2016-03-21T17:12:38","modified_gmt":"2016-03-21T15:12:38","slug":"rmeylan-kentinde-toplananlarin-gayeleri-suphelidir","status":"publish","type":"post","link":"https:\/\/archive.sana.sy\/tr\/?p=65644","title":{"rendered":"Rmeylan Kentinde Toplananlar\u0131n Gayeleri \u015e\u00fcphelidir"},"content":{"rendered":"<p>HASEKE \u2013 Haseke Kentinde sosyal ve sivil halk faaliyetleri \u2018Kuzey Suriye Federalli\u011fi\u2019 ad\u0131 alt\u0131nda yap\u0131lan ilan\u0131n yan\u0131 s\u0131ra Suriye&#8217;nin egemenli\u011fini ve toprak b\u00fct\u00fcnl\u00fc\u011f\u00fcn\u00fc zedeleyecek herhangi bir ad\u0131m\u0131 mutlak bir \u015fekilde reddettiklerini ilan etti.<\/p>\n<p>Faaliyetler bug\u00fcn yay\u0131nlad\u0131klar\u0131 ve bir n\u00fcshas\u0131n\u0131 SANA\u2019ya ula\u015ft\u0131rd\u0131klar\u0131 b\u00fcltenlerinde; \u2018Suriye&#8217;nin toprak ve halk b\u00fct\u00fcnl\u00fc\u011f\u00fcn\u00fcn yan\u0131 s\u0131ra egemenli\u011finin hi\u00e7bir ko\u015ful alt\u0131nda ve hi\u00e7bir \u015fekilde pazarl\u0131k konusu olamayaca\u011f\u0131n\u0131n\u2019 alt\u0131n\u0131 \u00e7izdi. B\u00fcltende Suriye&#8217;nin toprak b\u00fct\u00fcnl\u00fc\u011f\u00fcn\u00fc zedeleyecek her ad\u0131m, icraat ya da plan\u0131 keskin bir dille protesto ettiklerini ve k\u0131nad\u0131klar\u0131 kaydedildi.<\/p>\n<p>Suriyeli K\u00fcrtlerin Suriye halk\u0131n\u0131n b\u00f6l\u00fcnmez asil bir par\u00e7as\u0131 oldu\u011funun ifade edildi\u011fi b\u00fcltende; Suriye halk\u0131 aras\u0131nda \u00f6zellikle bu s\u00fcre\u00e7 i\u00e7inde ulusal birli\u011fin peki\u015ftirilmesi, gelece\u011fin omuz omuza yap\u0131land\u0131r\u0131lmas\u0131 \u00f6nemine dikkat \u00e7ekilerek bu y\u00f6nlerde \u00e7a\u011fr\u0131 yap\u0131ld\u0131.<br \/>\nB\u00fcltende Haseke iline tabi Rmeylan Kentinde toplananlar\u0131n bulunduklar\u0131 ilan\u0131n \u015f\u00fcpheli gayeler i\u00e7erdi\u011fi gibi d\u00fc\u015fman s\u00f6m\u00fcr\u00fcc\u00fc planlara ba\u011fl\u0131 oldu\u011funun alt\u0131 \u00e7izildi.<\/p>\n<p>Suriyeli a\u015firet ve kabileler \u015feyhleri ve \u00f6nde gelenlerinin Haseke\u2019deki meclisi d\u00fcn yay\u0131nlad\u0131klar\u0131 benzer b\u00fcltende; Suriye\u2019nin kuzeyinde \u2018federal y\u00f6netim\u2019 ad\u0131 alt\u0131nda yap\u0131lan ilan\u0131 mutlak bir \u015fekilde reddetti\u011fini ilan ederken, Suriye\u2019nin egemenli\u011fini, toprak b\u00fct\u00fcnl\u00fc\u011f\u00fcn\u00fc ve gelece\u011fini hedef alan bu \u00e7aban\u0131n ba\u015far\u0131s\u0131zl\u0131\u011fa mahkum oldu\u011funu vurgulam\u0131\u015ft\u0131.<\/p>\n<div id='gallery-1' class='gallery galleryid-65644 gallery-columns-2 gallery-size-thumbnail'><figure class='gallery-item'>\n\t\t\t<div class='gallery-icon landscape'>\n\t\t\t\t<a href='https:\/\/archive.sana.sy\/tr\/wp-content\/uploads\/2016\/03\/0-9.jpg'><img loading=\"lazy\" decoding=\"async\" width=\"150\" height=\"100\" src=\"https:\/\/archive.sana.sy\/tr\/wp-content\/uploads\/2016\/03\/0-9-150x100.jpg\" class=\"attachment-thumbnail size-thumbnail\" alt=\"\" srcset=\"https:\/\/archive.sana.sy\/tr\/wp-content\/uploads\/2016\/03\/0-9-150x100.jpg 150w, https:\/\/archive.sana.sy\/tr\/wp-content\/uploads\/2016\/03\/0-9-300x200.jpg 300w, https:\/\/archive.sana.sy\/tr\/wp-content\/uploads\/2016\/03\/0-9-768x511.jpg 768w, https:\/\/archive.sana.sy\/tr\/wp-content\/uploads\/2016\/03\/0-9-1024x682.jpg 1024w, https:\/\/archive.sana.sy\/tr\/wp-content\/uploads\/2016\/03\/0-9-310x205.jpg 310w\" sizes=\"auto, (max-width: 150px) 100vw, 150px\" \/><\/a>\n\t\t\t<\/div><\/figure><figure class='gallery-item'>\n\t\t\t<div class='gallery-icon landscape'>\n\t\t\t\t<a href='https:\/\/archive.sana.sy\/tr\/wp-content\/uploads\/2016\/03\/1-31.jpg'><img loading=\"lazy\" decoding=\"async\" width=\"150\" height=\"95\" src=\"https:\/\/archive.sana.sy\/tr\/wp-content\/uploads\/2016\/03\/1-31-150x95.jpg\" class=\"attachment-thumbnail size-thumbnail\" alt=\"\" srcset=\"https:\/\/archive.sana.sy\/tr\/wp-content\/uploads\/2016\/03\/1-31-150x95.jpg 150w, https:\/\/archive.sana.sy\/tr\/wp-content\/uploads\/2016\/03\/1-31-300x190.jpg 300w, https:\/\/archive.sana.sy\/tr\/wp-content\/uploads\/2016\/03\/1-31-768x485.jpg 768w, https:\/\/archive.sana.sy\/tr\/wp-content\/uploads\/2016\/03\/1-31-1024x647.jpg 1024w\" sizes=\"auto, (max-width: 150px) 100vw, 150px\" \/><\/a>\n\t\t\t<\/div><\/figure><figure class='gallery-item'>\n\t\t\t<div class='gallery-icon landscape'>\n\t\t\t\t<a href='https:\/\/archive.sana.sy\/tr\/wp-content\/uploads\/2016\/03\/2-18.jpg'><img loading=\"lazy\" decoding=\"async\" width=\"150\" height=\"102\" src=\"https:\/\/archive.sana.sy\/tr\/wp-content\/uploads\/2016\/03\/2-18-150x102.jpg\" class=\"attachment-thumbnail size-thumbnail\" alt=\"\" srcset=\"https:\/\/archive.sana.sy\/tr\/wp-content\/uploads\/2016\/03\/2-18-150x102.jpg 150w, https:\/\/archive.sana.sy\/tr\/wp-content\/uploads\/2016\/03\/2-18-300x203.jpg 300w, https:\/\/archive.sana.sy\/tr\/wp-content\/uploads\/2016\/03\/2-18-768x520.jpg 768w, https:\/\/archive.sana.sy\/tr\/wp-content\/uploads\/2016\/03\/2-18-1024x693.jpg 1024w, https:\/\/archive.sana.sy\/tr\/wp-content\/uploads\/2016\/03\/2-18-110x75.jpg 110w\" sizes=\"auto, (max-width: 150px) 100vw, 150px\" \/><\/a>\n\t\t\t<\/div><\/figure><figure class='gallery-item'>\n\t\t\t<div class='gallery-icon landscape'>\n\t\t\t\t<a href='https:\/\/archive.sana.sy\/tr\/wp-content\/uploads\/2016\/03\/3-18.jpg'><img loading=\"lazy\" decoding=\"async\" width=\"150\" height=\"113\" src=\"https:\/\/archive.sana.sy\/tr\/wp-content\/uploads\/2016\/03\/3-18-150x113.jpg\" class=\"attachment-thumbnail size-thumbnail\" alt=\"\" srcset=\"https:\/\/archive.sana.sy\/tr\/wp-content\/uploads\/2016\/03\/3-18-150x113.jpg 150w, https:\/\/archive.sana.sy\/tr\/wp-content\/uploads\/2016\/03\/3-18-300x225.jpg 300w, https:\/\/archive.sana.sy\/tr\/wp-content\/uploads\/2016\/03\/3-18.jpg 700w\" sizes=\"auto, (max-width: 150px) 100vw, 150px\" \/><\/a>\n\t\t\t<\/div><\/figure>\n\t\t<\/div>\n\n","protected":false},"excerpt":{"rendered":"<p>HASEKE \u2013 Haseke Kentinde sosyal ve sivil halk faaliyetleri \u2018Kuzey Suriye Federalli\u011fi\u2019 ad\u0131 alt\u0131nda yap\u0131lan ilan\u0131n yan\u0131 s\u0131ra Suriye&#8217;nin egemenli\u011fini ve toprak b\u00fct\u00fcnl\u00fc\u011f\u00fcn\u00fc zedeleyecek herhangi bir ad\u0131m\u0131 mutlak bir \u015fekilde reddettiklerini ilan etti. Faaliyetler bug\u00fcn yay\u0131nlad\u0131klar\u0131 ve bir n\u00fcshas\u0131n\u0131 SANA\u2019ya ula\u015ft\u0131rd\u0131klar\u0131 b\u00fcltenlerinde; \u2018Suriye&#8217;nin toprak ve halk b\u00fct\u00fcnl\u00fc\u011f\u00fcn\u00fcn yan\u0131 s\u0131ra egemenli\u011finin hi\u00e7bir ko\u015ful alt\u0131nda ve hi\u00e7bir &hellip;<\/p>\n","protected":false},"author":1,"featured_media":65654,"comment_status":"closed","ping_status":"closed","sticky":false,"template":"","format":"standard","meta":{"footnotes":""},"categories":[479,17988,478],"tags":[1140,19954,19952,19956,19951,19953,19955,19897],"class_list":["post-65644","post","type-post","status-publish","format-standard","has-post-thumbnail","","category-haberler-yerel","category-son-haberler","category-yerel","tag-haseke","tag-kamisli","tag-kuzey-suriye-federalligi","tag-ozerk-yonetim","tag-rmeylan-kentinde-toplananlarin-gayeleri-suphelidir","tag-rojava","tag-suriyede-kurt-federasyonu","tag-suriyeli-kurtler"],"_links":{"self":[{"href":"https:\/\/archive.sana.sy\/tr\/index.php?rest_route=\/wp\/v2\/posts\/65644","targetHints":{"allow":["GET"]}}],"collection":[{"href":"https:\/\/archive.sana.sy\/tr\/index.php?rest_route=\/wp\/v2\/posts"}],"about":[{"href":"https:\/\/archive.sana.sy\/tr\/index.php?rest_route=\/wp\/v2\/types\/post"}],"author":[{"embeddable":true,"href":"https:\/\/archive.sana.sy\/tr\/index.php?rest_route=\/wp\/v2\/users\/1"}],"replies":[{"embeddable":true,"href":"https:\/\/archive.sana.sy\/tr\/index.php?rest_route=%2Fwp%2Fv2%2Fcomments&post=65644"}],"version-history":[{"count":0,"href":"https:\/\/archive.sana.sy\/tr\/index.php?rest_route=\/wp\/v2\/posts\/65644\/revisions"}],"wp:featuredmedia":[{"embeddable":true,"href":"https:\/\/archive.sana.sy\/tr\/index.php?rest_route=\/wp\/v2\/media\/65654"}],"wp:attachment":[{"href":"https:\/\/archive.sana.sy\/tr\/index.php?rest_route=%2Fwp%2Fv2%2Fmedia&parent=65644"}],"wp:term":[{"taxonomy":"category","embeddable":true,"href":"https:\/\/archive.sana.sy\/tr\/index.php?rest_route=%2Fwp%2Fv2%2Fcategories&post=65644"},{"taxonomy":"post_tag","embeddable":true,"href":"https:\/\/archive.sana.sy\/tr\/index.php?rest_route=%2Fwp%2Fv2%2Ftags&post=65644"}],"curies":[{"name":"wp","href":"https:\/\/api.w.org\/{rel}","templated":true}]}}