{"id":65648,"date":"2016-03-20T13:05:46","date_gmt":"2016-03-20T11:05:46","guid":{"rendered":"http:\/\/sana.sy\/tr\/?p=65648"},"modified":"2016-03-20T13:33:26","modified_gmt":"2016-03-20T11:33:26","slug":"askeri-kaynak-hava-guclerimizin-homs-kirsalinin-dogusu-karyeteyn-ve-tedmur-kenti-kenarlarinda-isid-mevkileri-ve-araclarini-muhtevalariyla-imha-ettiklerini-belirtti","status":"publish","type":"post","link":"https:\/\/archive.sana.sy\/tr\/?p=65648","title":{"rendered":"Askeri kaynak hava g\u00fc\u00e7lerimizin Homs k\u0131rsal\u0131n\u0131n do\u011fusu Karyeteyn ve Tedmur Kenti kenarlar\u0131nda I\u015e\u0130D mevkileri ve ara\u00e7lar\u0131n\u0131 muhtevalar\u0131yla imha ettiklerini belirtti"},"content":{"rendered":"<p>Askeri kaynak hava g\u00fc\u00e7lerimizin Homs k\u0131rsal\u0131n\u0131n do\u011fusu Karyeteyn ve Tedmur Kenti kenarlar\u0131nda I\u015e\u0130D mevkileri ve ara\u00e7lar\u0131n\u0131 muhtevalar\u0131yla imha ettiklerini belirtti<\/p>\n","protected":false},"excerpt":{"rendered":"<p>Askeri kaynak hava g\u00fc\u00e7lerimizin Homs k\u0131rsal\u0131n\u0131n do\u011fusu Karyeteyn ve Tedmur Kenti kenarlar\u0131nda I\u015e\u0130D mevkileri ve ara\u00e7lar\u0131n\u0131 muhtevalar\u0131yla imha ettiklerini belirtti<\/p>\n","protected":false},"author":1,"featured_media":0,"comment_status":"closed","ping_status":"closed","sticky":false,"template":"","format":"standard","meta":{"footnotes":""},"categories":[17991],"tags":[],"class_list":["post-65648","post","type-post","status-publish","format-standard","","category-son-dakika"],"_links":{"self":[{"href":"https:\/\/archive.sana.sy\/tr\/index.php?rest_route=\/wp\/v2\/posts\/65648","targetHints":{"allow":["GET"]}}],"collection":[{"href":"https:\/\/archive.sana.sy\/tr\/index.php?rest_route=\/wp\/v2\/posts"}],"about":[{"href":"https:\/\/archive.sana.sy\/tr\/index.php?rest_route=\/wp\/v2\/types\/post"}],"author":[{"embeddable":true,"href":"https:\/\/archive.sana.sy\/tr\/index.php?rest_route=\/wp\/v2\/users\/1"}],"replies":[{"embeddable":true,"href":"https:\/\/archive.sana.sy\/tr\/index.php?rest_route=%2Fwp%2Fv2%2Fcomments&post=65648"}],"version-history":[{"count":0,"href":"https:\/\/archive.sana.sy\/tr\/index.php?rest_route=\/wp\/v2\/posts\/65648\/revisions"}],"wp:attachment":[{"href":"https:\/\/archive.sana.sy\/tr\/index.php?rest_route=%2Fwp%2Fv2%2Fmedia&parent=65648"}],"wp:term":[{"taxonomy":"category","embeddable":true,"href":"https:\/\/archive.sana.sy\/tr\/index.php?rest_route=%2Fwp%2Fv2%2Fcategories&post=65648"},{"taxonomy":"post_tag","embeddable":true,"href":"https:\/\/archive.sana.sy\/tr\/index.php?rest_route=%2Fwp%2Fv2%2Ftags&post=65648"}],"curies":[{"name":"wp","href":"https:\/\/api.w.org\/{rel}","templated":true}]}}