{"id":65653,"date":"2016-03-20T15:18:46","date_gmt":"2016-03-20T13:18:46","guid":{"rendered":"http:\/\/sana.sy\/tr\/?p=65653"},"modified":"2016-03-21T17:12:35","modified_gmt":"2016-03-21T15:12:35","slug":"haseke-kentinde-secim-hazirliklari-basladi","status":"publish","type":"post","link":"https:\/\/archive.sana.sy\/tr\/?p=65653","title":{"rendered":"Haseke Kentinde Se\u00e7im Haz\u0131rl\u0131klar\u0131 Ba\u015flad\u0131"},"content":{"rendered":"<p>HASEKE \u2013 Se\u00e7im Komisyonu Haseke yan komitesi ba\u015fkan\u0131 Yarg\u0131\u00e7 \u0130yli Miro komitenin 13 nisan\u2019da yap\u0131lacak Halk Meclisi se\u00e7imlerine haz\u0131rl\u0131k s\u00fcrecini yo\u011fun bir \u015fekilde s\u00fcrd\u00fcrd\u00fc\u011f\u00fcn\u00fc ifade etti.<\/p>\n<p>SANA\u2019ya a\u00e7\u0131klamas\u0131nda Miro se\u00e7imlere haz\u0131rl\u0131k kapsam\u0131nda adayl\u0131k komiteleri \u00fcyeleri ve se\u00e7imleri denetleyecek komitelerin \u00fcyelerini valilikle i\u015fbirli\u011fi i\u00e7inde haz\u0131rlamakta oldu\u011funu belirtti.<\/p>\n<p>Oy kullan\u0131m\u0131nda vatanda\u015flara kolayl\u0131k sa\u011flamak amac\u0131yla il genelinde se\u00e7im merkezlerinin da\u011f\u0131l\u0131m\u0131nda demografik yap\u0131n\u0131n g\u00f6z \u00f6n\u00fcnde bulundurulaca\u011f\u0131n\u0131 s\u00f6yleyen Miro; te\u015fkil edilecek komitelere gerekli y\u00f6nlendirmelerde bulunma ve se\u00e7imleri denetlemelerinde d\u00fcr\u00fcstl\u00fckleri a\u00e7\u0131s\u0131ndan anayasal yemini etmeleri i\u00e7in komite \u00fcyeleriyle periyodik toplant\u0131lar\u0131n yap\u0131ld\u0131\u011f\u0131n\u0131 a\u00e7\u0131klad\u0131.<\/p>\n","protected":false},"excerpt":{"rendered":"<p>HASEKE \u2013 Se\u00e7im Komisyonu Haseke yan komitesi ba\u015fkan\u0131 Yarg\u0131\u00e7 \u0130yli Miro komitenin 13 nisan\u2019da yap\u0131lacak Halk Meclisi se\u00e7imlerine haz\u0131rl\u0131k s\u00fcrecini yo\u011fun bir \u015fekilde s\u00fcrd\u00fcrd\u00fc\u011f\u00fcn\u00fc ifade etti. SANA\u2019ya a\u00e7\u0131klamas\u0131nda Miro se\u00e7imlere haz\u0131rl\u0131k kapsam\u0131nda adayl\u0131k komiteleri \u00fcyeleri ve se\u00e7imleri denetleyecek komitelerin \u00fcyelerini valilikle i\u015fbirli\u011fi i\u00e7inde haz\u0131rlamakta oldu\u011funu belirtti. Oy kullan\u0131m\u0131nda vatanda\u015flara kolayl\u0131k sa\u011flamak amac\u0131yla il genelinde se\u00e7im &hellip;<\/p>\n","protected":false},"author":1,"featured_media":65661,"comment_status":"closed","ping_status":"closed","sticky":false,"template":"","format":"standard","meta":{"footnotes":""},"categories":[479,17988,478],"tags":[16838,19949,19834],"class_list":["post-65653","post","type-post","status-publish","format-standard","has-post-thumbnail","","category-haberler-yerel","category-son-haberler","category-yerel","tag-halk-meclisi","tag-milletvekili-secimleri","tag-yasama-secimleri"],"_links":{"self":[{"href":"https:\/\/archive.sana.sy\/tr\/index.php?rest_route=\/wp\/v2\/posts\/65653","targetHints":{"allow":["GET"]}}],"collection":[{"href":"https:\/\/archive.sana.sy\/tr\/index.php?rest_route=\/wp\/v2\/posts"}],"about":[{"href":"https:\/\/archive.sana.sy\/tr\/index.php?rest_route=\/wp\/v2\/types\/post"}],"author":[{"embeddable":true,"href":"https:\/\/archive.sana.sy\/tr\/index.php?rest_route=\/wp\/v2\/users\/1"}],"replies":[{"embeddable":true,"href":"https:\/\/archive.sana.sy\/tr\/index.php?rest_route=%2Fwp%2Fv2%2Fcomments&post=65653"}],"version-history":[{"count":0,"href":"https:\/\/archive.sana.sy\/tr\/index.php?rest_route=\/wp\/v2\/posts\/65653\/revisions"}],"wp:featuredmedia":[{"embeddable":true,"href":"https:\/\/archive.sana.sy\/tr\/index.php?rest_route=\/wp\/v2\/media\/65661"}],"wp:attachment":[{"href":"https:\/\/archive.sana.sy\/tr\/index.php?rest_route=%2Fwp%2Fv2%2Fmedia&parent=65653"}],"wp:term":[{"taxonomy":"category","embeddable":true,"href":"https:\/\/archive.sana.sy\/tr\/index.php?rest_route=%2Fwp%2Fv2%2Fcategories&post=65653"},{"taxonomy":"post_tag","embeddable":true,"href":"https:\/\/archive.sana.sy\/tr\/index.php?rest_route=%2Fwp%2Fv2%2Ftags&post=65653"}],"curies":[{"name":"wp","href":"https:\/\/api.w.org\/{rel}","templated":true}]}}