{"id":65717,"date":"2016-03-20T19:42:32","date_gmt":"2016-03-20T17:42:32","guid":{"rendered":"http:\/\/sana.sy\/tr\/?p=65717"},"modified":"2016-03-21T17:12:25","modified_gmt":"2016-03-21T15:12:25","slug":"bolge-ve-halklarini-hedef-alan-savas-ideoloji-savasidir","status":"publish","type":"post","link":"https:\/\/archive.sana.sy\/tr\/?p=65717","title":{"rendered":"B\u00f6lge ve Halklar\u0131n\u0131 Hedef Alan Sava\u015f \u0130deoloji Sava\u015f\u0131d\u0131r"},"content":{"rendered":"<p>\u015eAM \u2013 Cumhurba\u015fkan\u0131 Be\u015f\u015far el Esad bug\u00fcn sabah saatlerinde; d\u00fcn \u015eam\u2019da 28 devletin kat\u0131l\u0131m\u0131yla Amerikan Siyo-Tekfirci D\u00fc\u015fmana Kar\u015f\u0131 M\u00fccadelede \u00dcmmet\u2019 slogan\u0131 alt\u0131nda forum d\u00fczenleyen Arap ve \u0130slami Direni\u015fi Destekleme Toplulu\u011funun genel sekreterlik \u00fcyelerini kabul etti.<\/p>\n<p><a href=\"http:\/\/sana.sy\/tr\/wp-content\/uploads\/2016\/03\/Esad-8.jpg\"><img loading=\"lazy\" decoding=\"async\" class=\"alignright wp-image-65719 size-medium\" src=\"http:\/\/sana.sy\/tr\/wp-content\/uploads\/2016\/03\/Esad-8-300x137.jpg\" alt=\"Esad 8\" width=\"300\" height=\"137\" srcset=\"https:\/\/archive.sana.sy\/tr\/wp-content\/uploads\/2016\/03\/Esad-8-300x137.jpg 300w, https:\/\/archive.sana.sy\/tr\/wp-content\/uploads\/2016\/03\/Esad-8-150x69.jpg 150w, https:\/\/archive.sana.sy\/tr\/wp-content\/uploads\/2016\/03\/Esad-8-768x351.jpg 768w, https:\/\/archive.sana.sy\/tr\/wp-content\/uploads\/2016\/03\/Esad-8-1024x469.jpg 1024w\" sizes=\"auto, (max-width: 300px) 100vw, 300px\" \/><\/a>Arap ve \u0130slami sahadaki son durumlar ve geli\u015fmelerinin ele al\u0131nd\u0131\u011f\u0131 g\u00f6r\u00fc\u015fmede Suriye&#8217;deki geli\u015fmeler de tart\u0131\u015f\u0131ld\u0131. 28 \u00fclkeden heyet \u00fcyeleri Suriye&#8217;nin direni\u015ften yana tutumlar\u0131n\u0131n yan\u0131 s\u0131ra b\u00f6lge ve halklar\u0131n\u0131 hedef a\u015fan Bat\u0131l\u0131 ve Siyonist planlara kar\u015f\u0131 m\u00fccadelesi nedeniyle evrensel bir sava\u015fa maruz kald\u0131\u011f\u0131n\u0131 ifade etti. Suriye halk\u0131n\u0131n t\u00fcm Arap ve \u0130slam halklar\u0131n\u0131n ad\u0131na bu sava\u015fta m\u00fccadele etti\u011fini ve \u00fcst\u00fcn fedakarl\u0131klarda bulundu\u011funu belirten heyet \u00fcyeleri; Suriye&#8217;nin devlet ve halk olarak ter\u00f6re kar\u015f\u0131 sava\u015f\u0131nda \u015fanl\u0131 bir zafer kazanaca\u011f\u0131na inand\u0131klar\u0131n\u0131 ifade etti.<\/p>\n<p>Cumhurba\u015fkan\u0131 el Esad Arap ve \u0130slam sahas\u0131n\u0131n bir oldu\u011funu, her yeri hedef alan ter\u00f6r\u00fcn de bir oldu\u011funu belirtti. Dolay\u0131s\u0131yla bu ter\u00f6re kar\u015f\u0131 t\u00fcm d\u00fcr\u00fcst ve ciddi \u00e7abalar\u0131n birle\u015ftirilmesi gere\u011fini vurgulayan el Esad; bu tehlikeli olgunun b\u00f6lge ve d\u00fcnya halklar\u0131na kar\u015f\u0131 tehdidinin yok edilmesi \u00f6neminin alt\u0131n\u0131 \u00e7izdi.<\/p>\n<p><a href=\"http:\/\/sana.sy\/tr\/wp-content\/uploads\/2016\/03\/Esad-9.jpg\"><img loading=\"lazy\" decoding=\"async\" class=\"alignright wp-image-65721 size-medium\" src=\"http:\/\/sana.sy\/tr\/wp-content\/uploads\/2016\/03\/Esad-9-300x130.jpg\" alt=\"Esad 9\" width=\"300\" height=\"130\" srcset=\"https:\/\/archive.sana.sy\/tr\/wp-content\/uploads\/2016\/03\/Esad-9-300x130.jpg 300w, https:\/\/archive.sana.sy\/tr\/wp-content\/uploads\/2016\/03\/Esad-9-150x65.jpg 150w, https:\/\/archive.sana.sy\/tr\/wp-content\/uploads\/2016\/03\/Esad-9-768x333.jpg 768w, https:\/\/archive.sana.sy\/tr\/wp-content\/uploads\/2016\/03\/Esad-9-1024x444.jpg 1024w\" sizes=\"auto, (max-width: 300px) 100vw, 300px\" \/><\/a>Bat\u0131l\u0131lar\u0131n b\u00f6lge halklar\u0131n\u0131n milli ve dini kimliklerinin kaybolmas\u0131n\u0131 istediklerini ifade eden el Esad; heyetin temsil etti\u011fi topluluk gibi sivil toplum kurumlar\u0131 ve \u00f6rg\u00fctlere d\u00fc\u015fen misyonun \u00f6neminin de buradan kaynakland\u0131\u011f\u0131n\u0131 vurgulad\u0131. El Esad bu gibi sivil toplum kurumlar\u0131 ve \u00f6rg\u00fctlerin halk\u0131 sapt\u0131r\u0131lm\u0131\u015f ideolojilere ve tekfirci d\u00fc\u015f\u00fcncelere kar\u015f\u0131 bilin\u00e7lendirmelerinde etkin bir rol oynamalar\u0131n\u0131n \u00f6nemini ifade etti. B\u00f6lge ve halklar\u0131n\u0131n maruz kald\u0131klar\u0131 sava\u015f\u0131n ger\u00e7eklerine \u0131\u015f\u0131k tutma \u00f6nemini belirten el Esad; bu sava\u015fa ili\u015fkin sapt\u0131r\u0131lm\u0131\u015f bilgilerin d\u00fczeltilmesi gerekti\u011fini, sava\u015f\u0131n birinci dereceden ideolojik sava\u015f oldu\u011funu s\u00f6yledi.<\/p>\n","protected":false},"excerpt":{"rendered":"<p>\u015eAM \u2013 Cumhurba\u015fkan\u0131 Be\u015f\u015far el Esad bug\u00fcn sabah saatlerinde; d\u00fcn \u015eam\u2019da 28 devletin kat\u0131l\u0131m\u0131yla Amerikan Siyo-Tekfirci D\u00fc\u015fmana Kar\u015f\u0131 M\u00fccadelede \u00dcmmet\u2019 slogan\u0131 alt\u0131nda forum d\u00fczenleyen Arap ve \u0130slami Direni\u015fi Destekleme Toplulu\u011funun genel sekreterlik \u00fcyelerini kabul etti. Arap ve \u0130slami sahadaki son durumlar ve geli\u015fmelerinin ele al\u0131nd\u0131\u011f\u0131 g\u00f6r\u00fc\u015fmede Suriye&#8217;deki geli\u015fmeler de tart\u0131\u015f\u0131ld\u0131. 28 \u00fclkeden heyet \u00fcyeleri Suriye&#8217;nin &hellip;<\/p>\n","protected":false},"author":1,"featured_media":65716,"comment_status":"closed","ping_status":"closed","sticky":false,"template":"","format":"standard","meta":{"footnotes":""},"categories":[608,479,605,17988,478],"tags":[],"class_list":["post-65717","post","type-post","status-publish","format-standard","has-post-thumbnail","","category-etkinlikler","category-haberler-yerel","category-sayin-cumhurbaskani","category-son-haberler","category-yerel"],"_links":{"self":[{"href":"https:\/\/archive.sana.sy\/tr\/index.php?rest_route=\/wp\/v2\/posts\/65717","targetHints":{"allow":["GET"]}}],"collection":[{"href":"https:\/\/archive.sana.sy\/tr\/index.php?rest_route=\/wp\/v2\/posts"}],"about":[{"href":"https:\/\/archive.sana.sy\/tr\/index.php?rest_route=\/wp\/v2\/types\/post"}],"author":[{"embeddable":true,"href":"https:\/\/archive.sana.sy\/tr\/index.php?rest_route=\/wp\/v2\/users\/1"}],"replies":[{"embeddable":true,"href":"https:\/\/archive.sana.sy\/tr\/index.php?rest_route=%2Fwp%2Fv2%2Fcomments&post=65717"}],"version-history":[{"count":0,"href":"https:\/\/archive.sana.sy\/tr\/index.php?rest_route=\/wp\/v2\/posts\/65717\/revisions"}],"wp:featuredmedia":[{"embeddable":true,"href":"https:\/\/archive.sana.sy\/tr\/index.php?rest_route=\/wp\/v2\/media\/65716"}],"wp:attachment":[{"href":"https:\/\/archive.sana.sy\/tr\/index.php?rest_route=%2Fwp%2Fv2%2Fmedia&parent=65717"}],"wp:term":[{"taxonomy":"category","embeddable":true,"href":"https:\/\/archive.sana.sy\/tr\/index.php?rest_route=%2Fwp%2Fv2%2Fcategories&post=65717"},{"taxonomy":"post_tag","embeddable":true,"href":"https:\/\/archive.sana.sy\/tr\/index.php?rest_route=%2Fwp%2Fv2%2Ftags&post=65717"}],"curies":[{"name":"wp","href":"https:\/\/api.w.org\/{rel}","templated":true}]}}