{"id":6572,"date":"2014-08-05T20:03:14","date_gmt":"2014-08-05T17:03:14","guid":{"rendered":"http:\/\/www.sana.sy\/tr\/?p=6572"},"modified":"2014-08-05T20:03:25","modified_gmt":"2014-08-05T17:03:25","slug":"halepte-filistinlilere-insani-yardim-dagitildi","status":"publish","type":"post","link":"https:\/\/archive.sana.sy\/tr\/?p=6572","title":{"rendered":"Halep\u2019te Filistinlilere \u0130nsani Yard\u0131m Da\u011f\u0131t\u0131ld\u0131"},"content":{"rendered":"<p>HALEP \u2013 Halep Valili\u011fi bug\u00fcn Suriye Kalk\u0131nma Sekretaryas\u0131 ile i\u015fbirli\u011fi i\u00e7inde Halep\u2019in Neyreb B\u00f6lgesinde ya\u015fayan Filistinli m\u00fcltecilere su kaplar\u0131, mutfak e\u015fyalar\u0131, t\u0131bbi gere\u00e7ler ve g\u0131da maddelerinden olu\u015fan 1000 insani yard\u0131m paketi da\u011f\u0131tt\u0131.<\/p>\n<p>Halep \u0130l Meclisinin y\u00fcr\u00fctme ofisi \u00fcyesi Dr Abd\u00fclgani Kassab SANA\u2019ya a\u00e7\u0131klamas\u0131nda Filistinli m\u00fcltecilere sa\u011flanan insani yard\u0131m konvoyunun, \u0130nsani Yard\u0131m Komitesinin Halep \u015eubesinin ter\u00f6r gruplar\u0131n\u0131n eylemleri nedeniyle zarar g\u00f6ren ma\u011fdurlar\u0131n ihtiyac\u0131n\u0131 kar\u015f\u0131lama amac\u0131yla harcad\u0131\u011f\u0131 \u00e7abalar neticesinde geldi\u011fini a\u00e7\u0131klad\u0131.<\/p>\n<p>\u0130nsani yard\u0131mlar\u0131n en \u00e7ok ihtiya\u00e7 duyan Filistinlilere da\u011f\u0131t\u0131ld\u0131\u011f\u0131n\u0131 belirten Kassab; Filistinlilerin ter\u00f6r gruplar\u0131n\u0131n eylemleri nedeniyle Suriyeliler gibi ac\u0131lar ya\u015fad\u0131klar\u0131na dikkat \u00e7ekti.<\/p>\n","protected":false},"excerpt":{"rendered":"<p>HALEP \u2013 Halep Valili\u011fi bug\u00fcn Suriye Kalk\u0131nma Sekretaryas\u0131 ile i\u015fbirli\u011fi i\u00e7inde Halep\u2019in Neyreb B\u00f6lgesinde ya\u015fayan Filistinli m\u00fcltecilere su kaplar\u0131, mutfak e\u015fyalar\u0131, t\u0131bbi gere\u00e7ler ve g\u0131da maddelerinden olu\u015fan 1000 insani yard\u0131m paketi da\u011f\u0131tt\u0131. Halep \u0130l Meclisinin y\u00fcr\u00fctme ofisi \u00fcyesi Dr Abd\u00fclgani Kassab SANA\u2019ya a\u00e7\u0131klamas\u0131nda Filistinli m\u00fcltecilere sa\u011flanan insani yard\u0131m konvoyunun, \u0130nsani Yard\u0131m Komitesinin Halep \u015eubesinin ter\u00f6r &hellip;<\/p>\n","protected":false},"author":1,"featured_media":6573,"comment_status":"closed","ping_status":"closed","sticky":false,"template":"","format":"standard","meta":{"footnotes":""},"categories":[479,575,478],"tags":[1466],"class_list":["post-6572","post","type-post","status-publish","format-standard","has-post-thumbnail","","category-haberler-yerel","category-olaylar-ve-gercekler","category-yerel","tag-halepte-filistinlilere-insani-yardim-dagitildi"],"_links":{"self":[{"href":"https:\/\/archive.sana.sy\/tr\/index.php?rest_route=\/wp\/v2\/posts\/6572","targetHints":{"allow":["GET"]}}],"collection":[{"href":"https:\/\/archive.sana.sy\/tr\/index.php?rest_route=\/wp\/v2\/posts"}],"about":[{"href":"https:\/\/archive.sana.sy\/tr\/index.php?rest_route=\/wp\/v2\/types\/post"}],"author":[{"embeddable":true,"href":"https:\/\/archive.sana.sy\/tr\/index.php?rest_route=\/wp\/v2\/users\/1"}],"replies":[{"embeddable":true,"href":"https:\/\/archive.sana.sy\/tr\/index.php?rest_route=%2Fwp%2Fv2%2Fcomments&post=6572"}],"version-history":[{"count":0,"href":"https:\/\/archive.sana.sy\/tr\/index.php?rest_route=\/wp\/v2\/posts\/6572\/revisions"}],"wp:featuredmedia":[{"embeddable":true,"href":"https:\/\/archive.sana.sy\/tr\/index.php?rest_route=\/wp\/v2\/media\/6573"}],"wp:attachment":[{"href":"https:\/\/archive.sana.sy\/tr\/index.php?rest_route=%2Fwp%2Fv2%2Fmedia&parent=6572"}],"wp:term":[{"taxonomy":"category","embeddable":true,"href":"https:\/\/archive.sana.sy\/tr\/index.php?rest_route=%2Fwp%2Fv2%2Fcategories&post=6572"},{"taxonomy":"post_tag","embeddable":true,"href":"https:\/\/archive.sana.sy\/tr\/index.php?rest_route=%2Fwp%2Fv2%2Ftags&post=6572"}],"curies":[{"name":"wp","href":"https:\/\/api.w.org\/{rel}","templated":true}]}}