{"id":65741,"date":"2016-03-20T17:28:38","date_gmt":"2016-03-20T15:28:38","guid":{"rendered":"http:\/\/sana.sy\/tr\/?p=65741"},"modified":"2016-03-21T19:09:09","modified_gmt":"2016-03-21T17:09:09","slug":"agir-kayiplar-altinda-psikolojik-cokusle-kaciyorlar-2","status":"publish","type":"post","link":"https:\/\/archive.sana.sy\/tr\/?p=65741","title":{"rendered":"A\u011f\u0131r Kay\u0131plar Alt\u0131nda Psikolojik \u00c7\u00f6k\u00fc\u015fle Ka\u00e7\u0131yorlar (video)"},"content":{"rendered":"<p>\u0130LLER \u2013 Ordu birliklerimiz bir\u00e7ok b\u00f6lgede \u00e7okuluslu tekfirci ve vatan hainleri ter\u00f6ristlere kar\u015f\u0131 ba\u015far\u0131l\u0131 ilerlemeler kaydederken, ter\u00f6ristler b\u00fcy\u00fck bir psikolojik \u00e7\u00f6k\u00fc\u015fle ka\u00e7\u0131\u015f\u0131yor.<\/p>\n<p><span style=\"color: #0000ff\">DEYREZZOR:<\/span><\/p>\n<p>Saha kaynaklar\u0131 SANA\u2019ya a\u00e7\u0131klamalar\u0131nda; ordu birliklerimizin bug\u00fcn \u015fafak saatlerinde Deyrezzor Askeri Havaliman\u0131 civar\u0131nda I\u015e\u0130D \u00e7eteleriyle \u015fiddetli \u00e7at\u0131\u015fmalara girdiklerini ifade etti. Kaynaklar; \u00e7at\u0131\u015fmalarda \u00e7ok say\u0131da ter\u00f6ristin \u00f6l\u00fc ve yaral\u0131 d\u00fc\u015f\u00fcr\u00fcld\u00fc\u011f\u00fcn\u00fc, sa\u011f kalanlar\u0131n \u00f6l\u00fclerinin cesetlerini arkalar\u0131nda b\u0131rakarak ka\u00e7maya zorland\u0131klar\u0131n\u0131 aktard\u0131.<\/p>\n<p>Deyrezzor k\u0131rsal\u0131nda ise ordu birliklerimizin I\u015e\u0130D \u00e7etelerinin Cafra ve Huvaycet Sakr k\u00f6ylerinin yan\u0131 s\u0131ra kentteki Sanayi Semti eksenlerinden Harabe\u015f Semtine sald\u0131rma giri\u015fimlerini \u00e7\u00f6kerttiklerini belirten kaynaklar; tekfirci ter\u00f6ristleri say\u0131 ve te\u00e7hizatlar\u0131yla a\u011f\u0131r kay\u0131plara u\u011fratt\u0131klar\u0131na dikkat \u00e7ekti.<\/p>\n<p>Bu arada ordu birliklerimizin Deyrezzor k\u0131rsal\u0131n\u0131n kuzeybat\u0131s\u0131 B\u011fayliye K\u00f6y\u00fcnde F\u0131rat Otelinin \u00f6n\u00fcnde I\u015e\u0130D\u2019l iki canl\u0131 bomban\u0131n kendilerini havaya u\u00e7urmalar\u0131 ard\u0131ndan I\u015e\u0130D \u00e7eteleriyle \u00e7at\u0131\u015fmalara girdiklerini aktaran kaynaklar; yine \u00e7ok say\u0131da ter\u00f6risti \u00f6l\u00fc ve yaral\u0131 d\u00fc\u015f\u00fcrd\u00fcklerini s\u00f6yledi.<\/p>\n<p><span style=\"color: #0000ff\">HALEP:<\/span><\/p>\n<p>Di\u011fer yandan askeri kaynak; Halep k\u0131rsal\u0131nda ihvanc\u0131 Erdo\u011fan rejimine ba\u011fl\u0131 ter\u00f6r \u00f6rg\u00fctleri ve I\u015e\u0130D \u00e7etelerine kar\u015f\u0131 nitelikli operasyonlar\u0131n\u0131 s\u00fcrd\u00fcren ordu birliklerimizin; Halep Kentinin yakla\u015f\u0131k 22 km kuzeyine d\u00fc\u015fen Kefar Sa\u011fyer ve Babnis k\u00f6ylerine sald\u0131ran I\u015e\u0130D\u2019li tekfircilerle \u00e7at\u0131\u015fmalara girdiklerini beyan ederken; ter\u00f6ristlerin saflar\u0131nda b\u00fcy\u00fck kay\u0131plara yol a\u00e7t\u0131klar\u0131n\u0131 s\u00f6zlerine ekledi.<\/p>\n<p>Ak\u015fam saatlerinde a\u00e7\u0131klama yapan bir kaynak; hava g\u00fc\u00e7lerimizin Halep k\u0131rsal\u0131n\u0131n do\u011fusu Deyr Hafir ve Meskene b\u00f6lgelerinde I\u015e\u0130D\u2019in toplanma yerleri ve mevkilerini hedef almalar\u0131yla \u00e7ok say\u0131da ter\u00f6risti \u00f6l\u00fc ve yaral\u0131 d\u00fc\u015f\u00fcr\u00fcp havzalar\u0131nda bulunan muhtelif t\u00fcr silah ve m\u00fchimmatlar\u0131n\u0131 imha ettiklerini s\u00f6yledi.<\/p>\n<p>https:\/\/www.youtube.com\/watch?v=OQD2wOcjkr8<\/p>\n<p><span style=\"color: #0000ff\">RAKKA:<\/span><\/p>\n<p>Di\u011fer yandan SANA\u2019ya a\u00e7\u0131klama yapan askeri kaynak hava g\u00fc\u00e7lerimizin son 24 saat i\u00e7inde Rakka Kentinin g\u00fcney kenarlar\u0131nda I\u015e\u0130D mevkileri, komuta karargahlar\u0131 ve ara\u00e7lar\u0131n\u0131 imha etmeleri sonucunda aralar\u0131nda eleba\u015flar\u0131 ve tehlikeli isimlerin bulundu\u011fu onlarca ter\u00f6risti \u00f6l\u00fc ve yaral\u0131 d\u00fc\u015f\u00fcrd\u00fcklerini belirtti.<\/p>\n<p>Bu arada tekfirciler medya ara\u00e7lar\u0131nda I\u015e\u0130D ter\u00f6r \u00f6rg\u00fct\u00fcnde s\u00f6zde \u2018Rakka Valisi\u2019 Ali Musa \u015eavvah\u2019\u0131n yan\u0131 s\u0131ra bariyerler sorumcusu \u2018Ebu Farah\u2019 kod ad\u0131yla bilenin ter\u00f6r eleba\u015f\u0131n\u0131n aralar\u0131nda bulundu\u011fu bir\u00e7ok ter\u00f6ristin \u00f6ld\u00fcr\u00fcld\u00fc\u011f\u00fcn\u00fc belirtti.<\/p>\n<p><span style=\"color: #0000ff\">LAZK\u0130YE:<\/span><\/p>\n<p>Askeri kaynak Lazkiye k\u0131rsal\u0131nda Erdo\u011fan rejiminin destekledi\u011fi tekfirci ter\u00f6ristlere y\u00f6nelik operasyonlar\u0131n\u0131 s\u00fcrd\u00fcren ordu birliklerimizin 287,397 ve 409 noktalar\u0131n\u0131 kontrollerine ge\u00e7irmelerine e\u015f zamanl\u0131 olarak Sovda K\u00f6y\u00fcne giren bir ter\u00f6r grubunun t\u00fcm \u00fcyelerini ekipmanlar\u0131yla birlikte etkisiz hale getirdiklerini belirtti.<\/p>\n<p>Kaynak; ordu birliklerimize tabi bomba imha ekiplerinin ter\u00f6ristlerin bu k\u00f6y ve noktalara yerle\u015ftirdikleri may\u0131n ve bomba d\u00fczeneklerini etkisizle\u015ftirdiklerini s\u00f6zlerine ekledi.<\/p>\n<p>Di\u011fer yandan askeri kaynak ordu birliklerimizin Halk Savunma G\u00fc\u00e7leriyle i\u015fbirli\u011fi i\u00e7inde Lazkiye k\u0131rsal\u0131nda Kale Da\u011f\u0131 ve Ayn el Bayda eksenlerinde askeri noktalara sald\u0131r\u0131 giri\u015fiminde bulunan ter\u00f6ristleri a\u011f\u0131r kay\u0131plara u\u011fratarak sald\u0131r\u0131lar\u0131n\u0131 \u00e7\u00f6kerttiklerini belirtti.<\/p>\n<p>Ak\u015fam saatlerinde a\u00e7\u0131klama yapan bir kaynak; ordu birliklerimizin Halk Savunma G\u00fc\u00e7leriyle i\u015fbirli\u011fi i\u00e7inde Lazkiye k\u0131rsal\u0131n\u0131n kuzeyi R\u00fcvayset Ro\u015f\u015fu ve Curet el Nahle b\u00f6lgelerinin yan\u0131 s\u0131ra bir dizi noktay\u0131\u200f Erdo\u011fan \u00e7etelerinden temizleyerek kontrollerine ge\u00e7irdiklerini belirtti.<\/p>\n<p><span style=\"color: #0000ff\">HOMS:<\/span><\/p>\n<p>Bu arada askeri kaynak hava g\u00fc\u00e7lerimizin Homs Kentinin yakla\u015f\u0131k 80 km g\u00fcneydo\u011fusuna d\u00fc\u015fen Karyeteyn Kentinde I\u015e\u0130D mevkileri ve ara\u00e7lar\u0131n\u0131 muhtevalar\u0131yla imha ettiklerini belirtti.<\/p>\n<p>Homs k\u0131rsal\u0131n\u0131n do\u011fusunda da hava g\u00fc\u00e7lerimizin Tedmur Kentinin \u00c7evresi, Hneyfis B\u00f6lgesi ve Do\u011fu Savvane K\u00f6y\u00fcnde I\u015e\u0130D\u2019in siper ve komuta karargahlar\u0131n\u0131 yo\u011fun ate\u015fe tutuklar\u0131n\u0131 s\u00f6yleyen kaynak; buralarda da \u00e7ok say\u0131da ter\u00f6risti \u00f6l\u00fc ve yaral\u0131 d\u00fc\u015f\u00fcrd\u00fcklerine dikkat \u00e7ekti.<\/p>\n<p><span style=\"color: #0000ff\">HAMA:<\/span><\/p>\n<p>Askeri kaynak, SANA\u2019ya a\u00e7\u0131klamas\u0131nda hava g\u00fc\u00e7lerimizin Hama \u0130line tabi Selemiye k\u0131rsal\u0131 Kuzey Kastel ve G\u00fcney Kastel k\u00f6ylerine ilaveten Ukeyrebbat Beldesinde I\u015e\u0130D karargahlar\u0131 ve ara\u00e7lar\u0131n\u0131 muhtevalar\u0131yla imha ettiklerini aktard\u0131.<\/p>\n<p>Hama Kentinin yakla\u015f\u0131k 79 km kuzeybat\u0131s\u0131na d\u00fc\u015fen \u011eab Vadisi kenarlar\u0131ndaki Unkavi K\u00f6y\u00fcnde de hava g\u00fc\u00e7lerimizin Nusra Cephesine tabi yuva ve k\u00fcmelenme yerlerine y\u00f6nelik hava operasyonlar\u0131 ger\u00e7ekle\u015ftirdiklerini belirten kaynak; yine bir\u00e7ok ter\u00f6risti \u00f6ld\u00fcr\u00fcp havzalar\u0131ndaki silah ve m\u00fchimmatlar\u0131n\u0131 yok ettiklerini aktard\u0131.<\/p>\n<p>&nbsp;<\/p>\n","protected":false},"excerpt":{"rendered":"<p>\u0130LLER \u2013 Ordu birliklerimiz bir\u00e7ok b\u00f6lgede \u00e7okuluslu tekfirci ve vatan hainleri ter\u00f6ristlere kar\u015f\u0131 ba\u015far\u0131l\u0131 ilerlemeler kaydederken, ter\u00f6ristler b\u00fcy\u00fck bir psikolojik \u00e7\u00f6k\u00fc\u015fle ka\u00e7\u0131\u015f\u0131yor. DEYREZZOR: Saha kaynaklar\u0131 SANA\u2019ya a\u00e7\u0131klamalar\u0131nda; ordu birliklerimizin bug\u00fcn \u015fafak saatlerinde Deyrezzor Askeri Havaliman\u0131 civar\u0131nda I\u015e\u0130D \u00e7eteleriyle \u015fiddetli \u00e7at\u0131\u015fmalara girdiklerini ifade etti. Kaynaklar; \u00e7at\u0131\u015fmalarda \u00e7ok say\u0131da ter\u00f6ristin \u00f6l\u00fc ve yaral\u0131 d\u00fc\u015f\u00fcr\u00fcld\u00fc\u011f\u00fcn\u00fc, sa\u011f kalanlar\u0131n \u00f6l\u00fclerinin &hellip;<\/p>\n","protected":false},"author":1,"featured_media":65735,"comment_status":"closed","ping_status":"closed","sticky":false,"template":"","format":"standard","meta":{"footnotes":""},"categories":[575],"tags":[19957],"class_list":["post-65741","post","type-post","status-publish","format-standard","has-post-thumbnail","","category-olaylar-ve-gercekler","tag-agir-kayiplar-altinda-psikolojik-cokusle-kaciyorlar"],"_links":{"self":[{"href":"https:\/\/archive.sana.sy\/tr\/index.php?rest_route=\/wp\/v2\/posts\/65741","targetHints":{"allow":["GET"]}}],"collection":[{"href":"https:\/\/archive.sana.sy\/tr\/index.php?rest_route=\/wp\/v2\/posts"}],"about":[{"href":"https:\/\/archive.sana.sy\/tr\/index.php?rest_route=\/wp\/v2\/types\/post"}],"author":[{"embeddable":true,"href":"https:\/\/archive.sana.sy\/tr\/index.php?rest_route=\/wp\/v2\/users\/1"}],"replies":[{"embeddable":true,"href":"https:\/\/archive.sana.sy\/tr\/index.php?rest_route=%2Fwp%2Fv2%2Fcomments&post=65741"}],"version-history":[{"count":0,"href":"https:\/\/archive.sana.sy\/tr\/index.php?rest_route=\/wp\/v2\/posts\/65741\/revisions"}],"wp:featuredmedia":[{"embeddable":true,"href":"https:\/\/archive.sana.sy\/tr\/index.php?rest_route=\/wp\/v2\/media\/65735"}],"wp:attachment":[{"href":"https:\/\/archive.sana.sy\/tr\/index.php?rest_route=%2Fwp%2Fv2%2Fmedia&parent=65741"}],"wp:term":[{"taxonomy":"category","embeddable":true,"href":"https:\/\/archive.sana.sy\/tr\/index.php?rest_route=%2Fwp%2Fv2%2Fcategories&post=65741"},{"taxonomy":"post_tag","embeddable":true,"href":"https:\/\/archive.sana.sy\/tr\/index.php?rest_route=%2Fwp%2Fv2%2Ftags&post=65741"}],"curies":[{"name":"wp","href":"https:\/\/api.w.org\/{rel}","templated":true}]}}