{"id":65745,"date":"2016-03-20T09:48:21","date_gmt":"2016-03-20T07:48:21","guid":{"rendered":"http:\/\/sana.sy\/tr\/?p=65745"},"modified":"2016-03-20T18:49:39","modified_gmt":"2016-03-20T16:49:39","slug":"evlatlarimizin-emanetini-tasiyacak-adaylari-secme-acisindan-katilim-onemlidir","status":"publish","type":"post","link":"https:\/\/archive.sana.sy\/tr\/?p=65745","title":{"rendered":"Evlatlar\u0131m\u0131z\u0131n Emanetini Ta\u015f\u0131yacak Adaylar\u0131 Se\u00e7me A\u00e7\u0131s\u0131ndan Kat\u0131l\u0131m \u00d6nemlidir"},"content":{"rendered":"<p>HAMA \u2013 Ter\u00f6re kar\u015f\u0131 sava\u015fta \u015fehit d\u00fc\u015fen kahramanlar\u0131m\u0131z\u0131n yak\u0131nlar\u0131; evlatlar\u0131n\u0131n u\u011fruna canlar\u0131n\u0131 feda ettikleri emaneti ta\u015f\u0131yacak ve \u015fehit yak\u0131nlar\u0131n\u0131n haklar\u0131n\u0131 savunacak adaylar\u0131n se\u00e7ilmesi i\u00e7in 13 Nisan tarihinde yap\u0131lacak Halk Meclisi se\u00e7imlerine yo\u011fun kat\u0131l\u0131m\u0131n \u00f6nemini vurgulad\u0131.<\/p>\n<p>Hama k\u0131rsal\u0131nda \u015fehit yak\u0131nlar\u0131 \u015fehitlerimizin bir emanet olarak b\u0131rakt\u0131klar\u0131 Suriye&#8217;ye sahip \u00e7\u0131kma ve koruman\u0131n \u015fehitlerimize boyun borcu oldu\u011funu ifade etti. \u015eehit yak\u0131nlar\u0131 vatan\u0131 yap\u0131land\u0131rmak ve daha iyi bir gelece\u011fe ta\u015f\u0131man\u0131n her vatanda\u015f\u0131n sorumlulu\u011fu oldu\u011funu ifade ederken, milletvekili se\u00e7imlerinin de bu sorumlulu\u011fun bir par\u00e7as\u0131 oldu\u011funu s\u00f6yledi.<\/p>\n","protected":false},"excerpt":{"rendered":"<p>HAMA \u2013 Ter\u00f6re kar\u015f\u0131 sava\u015fta \u015fehit d\u00fc\u015fen kahramanlar\u0131m\u0131z\u0131n yak\u0131nlar\u0131; evlatlar\u0131n\u0131n u\u011fruna canlar\u0131n\u0131 feda ettikleri emaneti ta\u015f\u0131yacak ve \u015fehit yak\u0131nlar\u0131n\u0131n haklar\u0131n\u0131 savunacak adaylar\u0131n se\u00e7ilmesi i\u00e7in 13 Nisan tarihinde yap\u0131lacak Halk Meclisi se\u00e7imlerine yo\u011fun kat\u0131l\u0131m\u0131n \u00f6nemini vurgulad\u0131. Hama k\u0131rsal\u0131nda \u015fehit yak\u0131nlar\u0131 \u015fehitlerimizin bir emanet olarak b\u0131rakt\u0131klar\u0131 Suriye&#8217;ye sahip \u00e7\u0131kma ve koruman\u0131n \u015fehitlerimize boyun borcu oldu\u011funu ifade etti. &hellip;<\/p>\n","protected":false},"author":1,"featured_media":65746,"comment_status":"closed","ping_status":"closed","sticky":false,"template":"","format":"standard","meta":{"footnotes":""},"categories":[479,17988,478],"tags":[],"class_list":["post-65745","post","type-post","status-publish","format-standard","has-post-thumbnail","","category-haberler-yerel","category-son-haberler","category-yerel"],"_links":{"self":[{"href":"https:\/\/archive.sana.sy\/tr\/index.php?rest_route=\/wp\/v2\/posts\/65745","targetHints":{"allow":["GET"]}}],"collection":[{"href":"https:\/\/archive.sana.sy\/tr\/index.php?rest_route=\/wp\/v2\/posts"}],"about":[{"href":"https:\/\/archive.sana.sy\/tr\/index.php?rest_route=\/wp\/v2\/types\/post"}],"author":[{"embeddable":true,"href":"https:\/\/archive.sana.sy\/tr\/index.php?rest_route=\/wp\/v2\/users\/1"}],"replies":[{"embeddable":true,"href":"https:\/\/archive.sana.sy\/tr\/index.php?rest_route=%2Fwp%2Fv2%2Fcomments&post=65745"}],"version-history":[{"count":0,"href":"https:\/\/archive.sana.sy\/tr\/index.php?rest_route=\/wp\/v2\/posts\/65745\/revisions"}],"wp:featuredmedia":[{"embeddable":true,"href":"https:\/\/archive.sana.sy\/tr\/index.php?rest_route=\/wp\/v2\/media\/65746"}],"wp:attachment":[{"href":"https:\/\/archive.sana.sy\/tr\/index.php?rest_route=%2Fwp%2Fv2%2Fmedia&parent=65745"}],"wp:term":[{"taxonomy":"category","embeddable":true,"href":"https:\/\/archive.sana.sy\/tr\/index.php?rest_route=%2Fwp%2Fv2%2Fcategories&post=65745"},{"taxonomy":"post_tag","embeddable":true,"href":"https:\/\/archive.sana.sy\/tr\/index.php?rest_route=%2Fwp%2Fv2%2Ftags&post=65745"}],"curies":[{"name":"wp","href":"https:\/\/api.w.org\/{rel}","templated":true}]}}