{"id":65750,"date":"2016-03-20T19:19:21","date_gmt":"2016-03-20T17:19:21","guid":{"rendered":"http:\/\/sana.sy\/tr\/?p=65750"},"modified":"2016-03-20T19:19:21","modified_gmt":"2016-03-20T17:19:21","slug":"aksam-saatlerinde-aciklama-yapan-bir-kaynak-ordu-birliklerimizin-halk-savunma-gucleriyle-isbirligi-icinde-lazkiye-kirsalinin-kuzeyi-ruvayset-rossu-ve-curet-el-nahle-bolgelerinin-yani-sira-bir-dizi-no","status":"publish","type":"post","link":"https:\/\/archive.sana.sy\/tr\/?p=65750","title":{"rendered":"Ak\u015fam saatlerinde a\u00e7\u0131klama yapan bir kaynak; ordu birliklerimizin Halk Savunma G\u00fc\u00e7leriyle i\u015fbirli\u011fi i\u00e7inde Lazkiye k\u0131rsal\u0131n\u0131n kuzeyi R\u00fcvayset Ro\u015f\u015fu ve Curet el Nahle b\u00f6lgelerinin yan\u0131 s\u0131ra bir dizi noktay\u0131\u200f Erdo\u011fan \u00e7etelerinden temizleyerek kontrollerine ge\u00e7irdiklerini belirtti"},"content":{"rendered":"<p>Ak\u015fam saatlerinde a\u00e7\u0131klama yapan bir kaynak; ordu birliklerimizin Halk Savunma G\u00fc\u00e7leriyle i\u015fbirli\u011fi i\u00e7inde Lazkiye k\u0131rsal\u0131n\u0131n kuzeyi R\u00fcvayset Ro\u015f\u015fu ve Curet el Nahle b\u00f6lgelerinin yan\u0131 s\u0131ra bir dizi noktay\u0131\u200f Erdo\u011fan \u00e7etelerinden temizleyerek kontrollerine ge\u00e7irdiklerini belirtti<\/p>\n","protected":false},"excerpt":{"rendered":"<p>Ak\u015fam saatlerinde a\u00e7\u0131klama yapan bir kaynak; ordu birliklerimizin Halk Savunma G\u00fc\u00e7leriyle i\u015fbirli\u011fi i\u00e7inde Lazkiye k\u0131rsal\u0131n\u0131n kuzeyi R\u00fcvayset Ro\u015f\u015fu ve Curet el Nahle b\u00f6lgelerinin yan\u0131 s\u0131ra bir dizi noktay\u0131\u200f Erdo\u011fan \u00e7etelerinden temizleyerek kontrollerine ge\u00e7irdiklerini belirtti<\/p>\n","protected":false},"author":1,"featured_media":0,"comment_status":"closed","ping_status":"closed","sticky":false,"template":"","format":"standard","meta":{"footnotes":""},"categories":[17991],"tags":[],"class_list":["post-65750","post","type-post","status-publish","format-standard","","category-son-dakika"],"_links":{"self":[{"href":"https:\/\/archive.sana.sy\/tr\/index.php?rest_route=\/wp\/v2\/posts\/65750","targetHints":{"allow":["GET"]}}],"collection":[{"href":"https:\/\/archive.sana.sy\/tr\/index.php?rest_route=\/wp\/v2\/posts"}],"about":[{"href":"https:\/\/archive.sana.sy\/tr\/index.php?rest_route=\/wp\/v2\/types\/post"}],"author":[{"embeddable":true,"href":"https:\/\/archive.sana.sy\/tr\/index.php?rest_route=\/wp\/v2\/users\/1"}],"replies":[{"embeddable":true,"href":"https:\/\/archive.sana.sy\/tr\/index.php?rest_route=%2Fwp%2Fv2%2Fcomments&post=65750"}],"version-history":[{"count":0,"href":"https:\/\/archive.sana.sy\/tr\/index.php?rest_route=\/wp\/v2\/posts\/65750\/revisions"}],"wp:attachment":[{"href":"https:\/\/archive.sana.sy\/tr\/index.php?rest_route=%2Fwp%2Fv2%2Fmedia&parent=65750"}],"wp:term":[{"taxonomy":"category","embeddable":true,"href":"https:\/\/archive.sana.sy\/tr\/index.php?rest_route=%2Fwp%2Fv2%2Fcategories&post=65750"},{"taxonomy":"post_tag","embeddable":true,"href":"https:\/\/archive.sana.sy\/tr\/index.php?rest_route=%2Fwp%2Fv2%2Ftags&post=65750"}],"curies":[{"name":"wp","href":"https:\/\/api.w.org\/{rel}","templated":true}]}}