{"id":65759,"date":"2016-03-21T11:27:41","date_gmt":"2016-03-21T09:27:41","guid":{"rendered":"http:\/\/sana.sy\/tr\/?p=65759"},"modified":"2016-03-22T15:45:00","modified_gmt":"2016-03-22T13:45:00","slug":"sehit-anneleri-anneler-gununu-farkli-bir-duyguyla-yasiyor","status":"publish","type":"post","link":"https:\/\/archive.sana.sy\/tr\/?p=65759","title":{"rendered":"\u015eehit Anneleri Anneler G\u00fcn\u00fcn\u00fc Farkl\u0131 Bir Duyguyla Ya\u015f\u0131yor"},"content":{"rendered":"<p>\u0130LLER \u2013 Yurt genelinde bug\u00fcn Anneler G\u00fcn\u00fc kutlan\u0131rken, \u015fehit anneleri evlatlar\u0131n\u0131 kaybetme ac\u0131s\u0131yla birlikte vatan u\u011fruna canlar\u0131n\u0131 feda eden \u015fehitlerinin gururuyla bu g\u00fcn\u00fc farkl\u0131 bir duyguyla kutluyor.<\/p>\n<p>\u015eehit anneleri ba\u015fta Erdo\u011fan ve Al Suud rejimleri olmak \u00fczere d\u0131\u015f g\u00fc\u00e7lerin deste\u011fi ile Suriye&#8217;yi vatan ve halk olarak hedef alan ter\u00f6re kar\u015f\u0131 sava\u015fta zafer yolunun \u015fehit kanlar\u0131yla a\u00e7\u0131laca\u011f\u0131n\u0131 bilmeleriyle, vatan\u0131n egemenli\u011fi, halk\u0131n onur ve g\u00fcvenli\u011fi i\u00e7in evlatlar\u0131n\u0131n e\u015fsiz fedakarl\u0131klar\u0131yla gurur duyuyor.<\/p>\n<p>\u015eehit annelerinin u duygular\u0131na takdirin bir ifadesi olarak resmi ve sivil toplum kurumlar\u0131 bug\u00fcn yurdun genelinde \u015fehit annelerini onurland\u0131ran bir dizi etkinlik d\u00fczenledi.<\/p>\n","protected":false},"excerpt":{"rendered":"<p>\u0130LLER \u2013 Yurt genelinde bug\u00fcn Anneler G\u00fcn\u00fc kutlan\u0131rken, \u015fehit anneleri evlatlar\u0131n\u0131 kaybetme ac\u0131s\u0131yla birlikte vatan u\u011fruna canlar\u0131n\u0131 feda eden \u015fehitlerinin gururuyla bu g\u00fcn\u00fc farkl\u0131 bir duyguyla kutluyor. \u015eehit anneleri ba\u015fta Erdo\u011fan ve Al Suud rejimleri olmak \u00fczere d\u0131\u015f g\u00fc\u00e7lerin deste\u011fi ile Suriye&#8217;yi vatan ve halk olarak hedef alan ter\u00f6re kar\u015f\u0131 sava\u015fta zafer yolunun \u015fehit kanlar\u0131yla &hellip;<\/p>\n","protected":false},"author":1,"featured_media":65760,"comment_status":"closed","ping_status":"closed","sticky":false,"template":"","format":"standard","meta":{"footnotes":""},"categories":[479,17988,478],"tags":[19960,19959],"class_list":["post-65759","post","type-post","status-publish","format-standard","has-post-thumbnail","","category-haberler-yerel","category-son-haberler","category-yerel","tag-anneler-gunu","tag-sehit-anneleri"],"_links":{"self":[{"href":"https:\/\/archive.sana.sy\/tr\/index.php?rest_route=\/wp\/v2\/posts\/65759","targetHints":{"allow":["GET"]}}],"collection":[{"href":"https:\/\/archive.sana.sy\/tr\/index.php?rest_route=\/wp\/v2\/posts"}],"about":[{"href":"https:\/\/archive.sana.sy\/tr\/index.php?rest_route=\/wp\/v2\/types\/post"}],"author":[{"embeddable":true,"href":"https:\/\/archive.sana.sy\/tr\/index.php?rest_route=\/wp\/v2\/users\/1"}],"replies":[{"embeddable":true,"href":"https:\/\/archive.sana.sy\/tr\/index.php?rest_route=%2Fwp%2Fv2%2Fcomments&post=65759"}],"version-history":[{"count":0,"href":"https:\/\/archive.sana.sy\/tr\/index.php?rest_route=\/wp\/v2\/posts\/65759\/revisions"}],"wp:featuredmedia":[{"embeddable":true,"href":"https:\/\/archive.sana.sy\/tr\/index.php?rest_route=\/wp\/v2\/media\/65760"}],"wp:attachment":[{"href":"https:\/\/archive.sana.sy\/tr\/index.php?rest_route=%2Fwp%2Fv2%2Fmedia&parent=65759"}],"wp:term":[{"taxonomy":"category","embeddable":true,"href":"https:\/\/archive.sana.sy\/tr\/index.php?rest_route=%2Fwp%2Fv2%2Fcategories&post=65759"},{"taxonomy":"post_tag","embeddable":true,"href":"https:\/\/archive.sana.sy\/tr\/index.php?rest_route=%2Fwp%2Fv2%2Ftags&post=65759"}],"curies":[{"name":"wp","href":"https:\/\/api.w.org\/{rel}","templated":true}]}}