{"id":65777,"date":"2016-03-21T13:15:37","date_gmt":"2016-03-21T11:15:37","guid":{"rendered":"http:\/\/sana.sy\/tr\/?p=65777"},"modified":"2016-03-21T13:53:13","modified_gmt":"2016-03-21T11:53:13","slug":"sananin-cenevre-delegesi-suriye-arap-cumhuriyeti-heyetinin-bugun-sam-yerel-saatiyle-saat-1500da-bm-genel-sekreterinin-suriye-ozel-temsilcisi-staffan-de-mistura-ile-bm-binasinda-bir","status":"publish","type":"post","link":"https:\/\/archive.sana.sy\/tr\/?p=65777","title":{"rendered":"SANA\u2019n\u0131n Cenevre delegesi Suriye Arap Cumhuriyeti heyetinin bug\u00fcn \u015eam yerel saatiyle saat 15:00\u2019da BM genel sekreterinin Suriye \u00f6zel temsilcisi Staffan de Mistura ile BM binas\u0131nda bir araya gelece\u011fini aktard\u0131"},"content":{"rendered":"<p>SANA\u2019n\u0131n Cenevre delegesi Suriye Arap Cumhuriyeti heyetinin bug\u00fcn \u015eam yerel saatiyle saat 15:00\u2019da BM genel sekreterinin Suriye \u00f6zel temsilcisi Staffan de Mistura ile BM binas\u0131nda bir araya gelece\u011fini aktard\u0131<\/p>\n","protected":false},"excerpt":{"rendered":"<p>SANA\u2019n\u0131n Cenevre delegesi Suriye Arap Cumhuriyeti heyetinin bug\u00fcn \u015eam yerel saatiyle saat 15:00\u2019da BM genel sekreterinin Suriye \u00f6zel temsilcisi Staffan de Mistura ile BM binas\u0131nda bir araya gelece\u011fini aktard\u0131<\/p>\n","protected":false},"author":1,"featured_media":0,"comment_status":"closed","ping_status":"closed","sticky":false,"template":"","format":"standard","meta":{"footnotes":""},"categories":[17991],"tags":[],"class_list":["post-65777","post","type-post","status-publish","format-standard","","category-son-dakika"],"_links":{"self":[{"href":"https:\/\/archive.sana.sy\/tr\/index.php?rest_route=\/wp\/v2\/posts\/65777","targetHints":{"allow":["GET"]}}],"collection":[{"href":"https:\/\/archive.sana.sy\/tr\/index.php?rest_route=\/wp\/v2\/posts"}],"about":[{"href":"https:\/\/archive.sana.sy\/tr\/index.php?rest_route=\/wp\/v2\/types\/post"}],"author":[{"embeddable":true,"href":"https:\/\/archive.sana.sy\/tr\/index.php?rest_route=\/wp\/v2\/users\/1"}],"replies":[{"embeddable":true,"href":"https:\/\/archive.sana.sy\/tr\/index.php?rest_route=%2Fwp%2Fv2%2Fcomments&post=65777"}],"version-history":[{"count":0,"href":"https:\/\/archive.sana.sy\/tr\/index.php?rest_route=\/wp\/v2\/posts\/65777\/revisions"}],"wp:attachment":[{"href":"https:\/\/archive.sana.sy\/tr\/index.php?rest_route=%2Fwp%2Fv2%2Fmedia&parent=65777"}],"wp:term":[{"taxonomy":"category","embeddable":true,"href":"https:\/\/archive.sana.sy\/tr\/index.php?rest_route=%2Fwp%2Fv2%2Fcategories&post=65777"},{"taxonomy":"post_tag","embeddable":true,"href":"https:\/\/archive.sana.sy\/tr\/index.php?rest_route=%2Fwp%2Fv2%2Ftags&post=65777"}],"curies":[{"name":"wp","href":"https:\/\/api.w.org\/{rel}","templated":true}]}}