{"id":65779,"date":"2016-03-21T14:11:25","date_gmt":"2016-03-21T12:11:25","guid":{"rendered":"http:\/\/sana.sy\/tr\/?p=65779"},"modified":"2016-03-22T15:44:56","modified_gmt":"2016-03-22T13:44:56","slug":"tarih-suriye-ordusunun-en-alcak-savasa-karsi-zaferini-yazacak","status":"publish","type":"post","link":"https:\/\/archive.sana.sy\/tr\/?p=65779","title":{"rendered":"Tarih Suriye Ordusunun En Al\u00e7ak Sava\u015fa Kar\u015f\u0131 Zaferini Yazacak (video)"},"content":{"rendered":"<p>\u015eAM \u2013 Direni\u015f Deste\u011fini Destekleme Arap ve \u0130slami Toplulu\u011funun genel sekreterlik \u00fcyeleri bug\u00fcn \u015eam\u2019\u0131n Kasiyon Da\u011f\u0131ndaki Me\u00e7hul Asker an\u0131t\u0131n\u0131 ziyaret ettiler.<\/p>\n<p><a href=\"http:\/\/sana.sy\/tr\/wp-content\/uploads\/2016\/03\/2-19.jpg\"><img loading=\"lazy\" decoding=\"async\" class=\"alignright wp-image-65782 size-medium\" src=\"http:\/\/sana.sy\/tr\/wp-content\/uploads\/2016\/03\/2-19-300x186.jpg\" alt=\"2\" width=\"300\" height=\"186\" srcset=\"https:\/\/archive.sana.sy\/tr\/wp-content\/uploads\/2016\/03\/2-19-300x186.jpg 300w, https:\/\/archive.sana.sy\/tr\/wp-content\/uploads\/2016\/03\/2-19-150x93.jpg 150w, https:\/\/archive.sana.sy\/tr\/wp-content\/uploads\/2016\/03\/2-19-768x477.jpg 768w, https:\/\/archive.sana.sy\/tr\/wp-content\/uploads\/2016\/03\/2-19-1024x636.jpg 1024w\" sizes=\"auto, (max-width: 300px) 100vw, 300px\" \/><\/a>An\u0131ta \u00e7elenk koyup Suriye&#8217;nin egemenli\u011fi ve ba\u011f\u0131ms\u0131zl\u0131\u011f\u0131 u\u011fruna canlar\u0131n\u0131 feda eden \u015fehitlerimizin ruhuna Fatiha okuyan heyet \u00fcyeleri Suriye&#8217;nin her daim siyonist ve hegemonya planlar\u0131na kar\u015f\u0131 m\u00fccadelenin sembol\u00fc olarak kalaca\u011f\u0131n\u0131 ifade etti.<\/p>\n<p>Topluluk genel sekreteri Yahya Gaddar bas\u0131na yapt\u0131\u011f\u0131 a\u00e7\u0131klamada; Suriye \u015fehitlerinin t\u00fcm Arap ve \u0130slam \u00fcmmetinin \u015fehitleri oldu\u011funu vurgularken, Suriye&#8217;nin t\u00fcm Arap ve \u0130slam aleminin yan\u0131 s\u0131ra d\u00fcnyadaki h\u00fcr insanlar\u0131n ad\u0131na s\u00f6m\u00fcr\u00fc ve hegemonya planlar\u0131na kar\u015f\u0131 sava\u015f verdi\u011fini ifade etti. Gaddar, Amerikan Siyo-Tekfirci planlara kar\u015f\u0131 kanlar\u0131n\u0131 ve canlar\u0131n\u0131 feda eden Suriyelilerin kanlar\u0131n\u0131n t\u00fcm h\u00fcr ve onurlu insanlar\u0131n kanlar\u0131 oldu\u011funu belirtti.<\/p>\n<p><a href=\"http:\/\/sana.sy\/tr\/wp-content\/uploads\/2016\/03\/3-19.jpg\"><img loading=\"lazy\" decoding=\"async\" class=\"alignright wp-image-65783 size-medium\" src=\"http:\/\/sana.sy\/tr\/wp-content\/uploads\/2016\/03\/3-19-300x184.jpg\" alt=\"3\" width=\"300\" height=\"184\" srcset=\"https:\/\/archive.sana.sy\/tr\/wp-content\/uploads\/2016\/03\/3-19-300x184.jpg 300w, https:\/\/archive.sana.sy\/tr\/wp-content\/uploads\/2016\/03\/3-19-150x92.jpg 150w, https:\/\/archive.sana.sy\/tr\/wp-content\/uploads\/2016\/03\/3-19-768x471.jpg 768w, https:\/\/archive.sana.sy\/tr\/wp-content\/uploads\/2016\/03\/3-19-1024x628.jpg 1024w\" sizes=\"auto, (max-width: 300px) 100vw, 300px\" \/><\/a>Suriye ve ordusuyla dayan\u0131\u015fmalar\u0131n\u0131 ifade etmek i\u00e7in bu kutsal mekanda bulunduklar\u0131na i\u015faret eden Gaddar; tarihin Suriye ordusunun tarihte en al\u00e7ak sava\u015fa kar\u015f\u0131 \u015fanl\u0131 bir zafer kazand\u0131\u011f\u0131n\u0131 yazaca\u011f\u0131na y\u00fcrekten inand\u0131\u011f\u0131n\u0131 ifade etti.<\/p>\n<p>Topluluk 19 \u2013 20 mart tarihleri aras\u0131nda \u015eam\u2019da \u2018Amerikan Siyo-Tekfirci ter\u00f6re kar\u015f\u0131 m\u00fccadelede \u00dcmmet\u2019 slogan\u0131 alt\u0131nda forum d\u00fczenlemi\u015fti.<\/p>\n<p>&nbsp;<\/p>\n<p>https:\/\/www.youtube.com\/watch?v=IWZnd-wTKbI<\/p>\n","protected":false},"excerpt":{"rendered":"<p>\u015eAM \u2013 Direni\u015f Deste\u011fini Destekleme Arap ve \u0130slami Toplulu\u011funun genel sekreterlik \u00fcyeleri bug\u00fcn \u015eam\u2019\u0131n Kasiyon Da\u011f\u0131ndaki Me\u00e7hul Asker an\u0131t\u0131n\u0131 ziyaret ettiler. An\u0131ta \u00e7elenk koyup Suriye&#8217;nin egemenli\u011fi ve ba\u011f\u0131ms\u0131zl\u0131\u011f\u0131 u\u011fruna canlar\u0131n\u0131 feda eden \u015fehitlerimizin ruhuna Fatiha okuyan heyet \u00fcyeleri Suriye&#8217;nin her daim siyonist ve hegemonya planlar\u0131na kar\u015f\u0131 m\u00fccadelenin sembol\u00fc olarak kalaca\u011f\u0131n\u0131 ifade etti. Topluluk genel sekreteri &hellip;<\/p>\n","protected":false},"author":1,"featured_media":65780,"comment_status":"closed","ping_status":"closed","sticky":false,"template":"","format":"standard","meta":{"footnotes":""},"categories":[479,17988,478],"tags":[19964,19966,19965],"class_list":["post-65779","post","type-post","status-publish","format-standard","has-post-thumbnail","","category-haberler-yerel","category-son-haberler","category-yerel","tag-direnis-destegini-destekleme-arap-ve-islami-toplulugu","tag-mechul-asker-aniti","tag-sehitler-aniti"],"_links":{"self":[{"href":"https:\/\/archive.sana.sy\/tr\/index.php?rest_route=\/wp\/v2\/posts\/65779","targetHints":{"allow":["GET"]}}],"collection":[{"href":"https:\/\/archive.sana.sy\/tr\/index.php?rest_route=\/wp\/v2\/posts"}],"about":[{"href":"https:\/\/archive.sana.sy\/tr\/index.php?rest_route=\/wp\/v2\/types\/post"}],"author":[{"embeddable":true,"href":"https:\/\/archive.sana.sy\/tr\/index.php?rest_route=\/wp\/v2\/users\/1"}],"replies":[{"embeddable":true,"href":"https:\/\/archive.sana.sy\/tr\/index.php?rest_route=%2Fwp%2Fv2%2Fcomments&post=65779"}],"version-history":[{"count":0,"href":"https:\/\/archive.sana.sy\/tr\/index.php?rest_route=\/wp\/v2\/posts\/65779\/revisions"}],"wp:featuredmedia":[{"embeddable":true,"href":"https:\/\/archive.sana.sy\/tr\/index.php?rest_route=\/wp\/v2\/media\/65780"}],"wp:attachment":[{"href":"https:\/\/archive.sana.sy\/tr\/index.php?rest_route=%2Fwp%2Fv2%2Fmedia&parent=65779"}],"wp:term":[{"taxonomy":"category","embeddable":true,"href":"https:\/\/archive.sana.sy\/tr\/index.php?rest_route=%2Fwp%2Fv2%2Fcategories&post=65779"},{"taxonomy":"post_tag","embeddable":true,"href":"https:\/\/archive.sana.sy\/tr\/index.php?rest_route=%2Fwp%2Fv2%2Ftags&post=65779"}],"curies":[{"name":"wp","href":"https:\/\/api.w.org\/{rel}","templated":true}]}}