{"id":6578,"date":"2014-08-05T22:27:42","date_gmt":"2014-08-05T19:27:42","guid":{"rendered":"http:\/\/www.sana.sy\/tr\/?p=6578"},"modified":"2014-08-05T22:27:42","modified_gmt":"2014-08-05T19:27:42","slug":"teknik-egitim-ve-ogretim-merkezleri-uretim-merkezlerine-donusturuluyor","status":"publish","type":"post","link":"https:\/\/archive.sana.sy\/tr\/?p=6578","title":{"rendered":"Teknik E\u011fitim ve \u00d6\u011fretim Merkezleri \u00dcretim Merkezlerine D\u00f6n\u00fc\u015ft\u00fcr\u00fcl\u00fcyor"},"content":{"rendered":"<p>\u015eAM \u2013 Sanayi Bakanl\u0131\u011f\u0131, \u015eam, Halep, Homs ve Deyrezzor\u2019da kendisine ba\u011fl\u0131 komplekslerde yer alan mesleki e\u011fitim merkezleri ve gruplar\u0131n\u0131, teknik \u00f6\u011fretim ve e\u011fitim m\u00fcfredat\u0131nda herhangi bir de\u011fi\u015fiklik yapmadan direk \u00fcretim merkezlerine d\u00f6n\u00fc\u015ft\u00fcrmekle ilgili ilk \u00f6ng\u00f6r\u00fcs\u00fcn\u00fc haz\u0131rlad\u0131.<\/p>\n<p>Sanayi Bakanl\u0131\u011f\u0131 \u0130dari M\u00fcd\u00fcr\u00fc Ali Yusuf SANA muhabirine verdi\u011fi deme\u00e7te; s\u00f6z konusu \u00f6ng\u00f6r\u00fcn\u00fcn 2011\/39 nolu kanun ile uyumlu oldu\u011funa i\u015faret ederek e\u011fitim gruplar\u0131 ve merkezlerinin \u00fcretim merkezlerine d\u00f6n\u00fc\u015ft\u00fcr\u00fclmesinin hem \u00f6\u011frencilere hem de ulusal ekonomiye fayda sa\u011flayaca\u011f\u0131n\u0131 beyan etti.<\/p>\n<p>\u00d6te yandan Bakanl\u0131kta E\u011fitim ve Rehabilitasyon M\u00fcd\u00fcr\u00fc Firas Zekeriya, e\u011fitim ve \u00f6\u011fretim merkezlerinin kendi alanlar\u0131nda \u00fcretim yaparak ulusal hizmet ve reformlara katk\u0131da sa\u011flayacaklar\u0131na dikkat \u00e7ekerek bu merkezlerdeki maliyet ve \u00fccretlerin kazan\u00e7 \u00e7er\u00e7evesinde yeniden de\u011ferlendirilece\u011fini belirtti.<\/p>\n","protected":false},"excerpt":{"rendered":"<p>\u015eAM \u2013 Sanayi Bakanl\u0131\u011f\u0131, \u015eam, Halep, Homs ve Deyrezzor\u2019da kendisine ba\u011fl\u0131 komplekslerde yer alan mesleki e\u011fitim merkezleri ve gruplar\u0131n\u0131, teknik \u00f6\u011fretim ve e\u011fitim m\u00fcfredat\u0131nda herhangi bir de\u011fi\u015fiklik yapmadan direk \u00fcretim merkezlerine d\u00f6n\u00fc\u015ft\u00fcrmekle ilgili ilk \u00f6ng\u00f6r\u00fcs\u00fcn\u00fc haz\u0131rlad\u0131. Sanayi Bakanl\u0131\u011f\u0131 \u0130dari M\u00fcd\u00fcr\u00fc Ali Yusuf SANA muhabirine verdi\u011fi deme\u00e7te; s\u00f6z konusu \u00f6ng\u00f6r\u00fcn\u00fcn 2011\/39 nolu kanun ile uyumlu oldu\u011funa &hellip;<\/p>\n","protected":false},"author":1,"featured_media":6577,"comment_status":"closed","ping_status":"closed","sticky":false,"template":"","format":"standard","meta":{"footnotes":""},"categories":[485,486],"tags":[1467],"class_list":["post-6578","post","type-post","status-publish","format-standard","has-post-thumbnail","","category-is-ve-sermaye","category-haberler-is-ve-sermaye","tag-teknik-egitim-ve-ogretim-merkezleri-uretim-merkezlerine-donusturuluyor"],"_links":{"self":[{"href":"https:\/\/archive.sana.sy\/tr\/index.php?rest_route=\/wp\/v2\/posts\/6578","targetHints":{"allow":["GET"]}}],"collection":[{"href":"https:\/\/archive.sana.sy\/tr\/index.php?rest_route=\/wp\/v2\/posts"}],"about":[{"href":"https:\/\/archive.sana.sy\/tr\/index.php?rest_route=\/wp\/v2\/types\/post"}],"author":[{"embeddable":true,"href":"https:\/\/archive.sana.sy\/tr\/index.php?rest_route=\/wp\/v2\/users\/1"}],"replies":[{"embeddable":true,"href":"https:\/\/archive.sana.sy\/tr\/index.php?rest_route=%2Fwp%2Fv2%2Fcomments&post=6578"}],"version-history":[{"count":0,"href":"https:\/\/archive.sana.sy\/tr\/index.php?rest_route=\/wp\/v2\/posts\/6578\/revisions"}],"wp:featuredmedia":[{"embeddable":true,"href":"https:\/\/archive.sana.sy\/tr\/index.php?rest_route=\/wp\/v2\/media\/6577"}],"wp:attachment":[{"href":"https:\/\/archive.sana.sy\/tr\/index.php?rest_route=%2Fwp%2Fv2%2Fmedia&parent=6578"}],"wp:term":[{"taxonomy":"category","embeddable":true,"href":"https:\/\/archive.sana.sy\/tr\/index.php?rest_route=%2Fwp%2Fv2%2Fcategories&post=6578"},{"taxonomy":"post_tag","embeddable":true,"href":"https:\/\/archive.sana.sy\/tr\/index.php?rest_route=%2Fwp%2Fv2%2Ftags&post=6578"}],"curies":[{"name":"wp","href":"https:\/\/api.w.org\/{rel}","templated":true}]}}