{"id":65787,"date":"2016-03-21T13:40:10","date_gmt":"2016-03-21T11:40:10","guid":{"rendered":"http:\/\/sana.sy\/tr\/?p=65787"},"modified":"2016-03-21T14:21:28","modified_gmt":"2016-03-21T12:21:28","slug":"bmnin-cenevre-ofisinde-kaynaklar-suudi-arabistanin-destekledigi-ve-riyad-muhalefeti-olarak-bilinen-heyetin-cenevrede-suriyeliler-arasinda-yapilan-diyalog-gorusme","status":"publish","type":"post","link":"https:\/\/archive.sana.sy\/tr\/?p=65787","title":{"rendered":"BM\u2019nin Cenevre ofisinde kaynaklar; Suudi Arabistan\u2019\u0131n destekledi\u011fi ve \u2018Riyad muhalefeti\u2019 olarak bilinen heyetin Cenevre&#8217;de Suriyeliler aras\u0131nda yap\u0131lan diyalog g\u00f6r\u00fc\u015fmeleri \u00e7er\u00e7evesinde BM genel sekreterinin Suriye \u00f6zel temsilcisi Staffan de Mistura ile bulunduklar\u0131 temaslarda \u00f6ne koyduklar\u0131 d\u00fc\u015f\u00fcnceler ve belgeleri inceleyip kararla\u015ft\u0131ran Amerikal\u0131 uzmanlar i\u00e7eren uzman bir ekiple hareket etti\u011fini aktard\u0131"},"content":{"rendered":"<p>BM\u2019nin Cenevre ofisinde kaynaklar; Suudi Arabistan\u2019\u0131n destekledi\u011fi ve \u2018Riyad muhalefeti\u2019 olarak bilinen heyetin Cenevre&#8217;de Suriyeliler aras\u0131nda yap\u0131lan diyalog g\u00f6r\u00fc\u015fmeleri \u00e7er\u00e7evesinde BM genel sekreterinin Suriye \u00f6zel temsilcisi Staffan de Mistura ile bulunduklar\u0131 temaslarda \u00f6ne koyduklar\u0131 d\u00fc\u015f\u00fcnceler ve belgeleri inceleyip kararla\u015ft\u0131ran Amerikal\u0131 uzmanlar i\u00e7eren uzman bir ekiple hareket etti\u011fini aktard\u0131<\/p>\n","protected":false},"excerpt":{"rendered":"<p>BM\u2019nin Cenevre ofisinde kaynaklar; Suudi Arabistan\u2019\u0131n destekledi\u011fi ve \u2018Riyad muhalefeti\u2019 olarak bilinen heyetin Cenevre&#8217;de Suriyeliler aras\u0131nda yap\u0131lan diyalog g\u00f6r\u00fc\u015fmeleri \u00e7er\u00e7evesinde BM genel sekreterinin Suriye \u00f6zel temsilcisi Staffan de Mistura ile bulunduklar\u0131 temaslarda \u00f6ne koyduklar\u0131 d\u00fc\u015f\u00fcnceler ve belgeleri inceleyip kararla\u015ft\u0131ran Amerikal\u0131 uzmanlar i\u00e7eren uzman bir ekiple hareket etti\u011fini aktard\u0131<\/p>\n","protected":false},"author":1,"featured_media":0,"comment_status":"closed","ping_status":"closed","sticky":false,"template":"","format":"standard","meta":{"footnotes":""},"categories":[17991],"tags":[],"class_list":["post-65787","post","type-post","status-publish","format-standard","","category-son-dakika"],"_links":{"self":[{"href":"https:\/\/archive.sana.sy\/tr\/index.php?rest_route=\/wp\/v2\/posts\/65787","targetHints":{"allow":["GET"]}}],"collection":[{"href":"https:\/\/archive.sana.sy\/tr\/index.php?rest_route=\/wp\/v2\/posts"}],"about":[{"href":"https:\/\/archive.sana.sy\/tr\/index.php?rest_route=\/wp\/v2\/types\/post"}],"author":[{"embeddable":true,"href":"https:\/\/archive.sana.sy\/tr\/index.php?rest_route=\/wp\/v2\/users\/1"}],"replies":[{"embeddable":true,"href":"https:\/\/archive.sana.sy\/tr\/index.php?rest_route=%2Fwp%2Fv2%2Fcomments&post=65787"}],"version-history":[{"count":0,"href":"https:\/\/archive.sana.sy\/tr\/index.php?rest_route=\/wp\/v2\/posts\/65787\/revisions"}],"wp:attachment":[{"href":"https:\/\/archive.sana.sy\/tr\/index.php?rest_route=%2Fwp%2Fv2%2Fmedia&parent=65787"}],"wp:term":[{"taxonomy":"category","embeddable":true,"href":"https:\/\/archive.sana.sy\/tr\/index.php?rest_route=%2Fwp%2Fv2%2Fcategories&post=65787"},{"taxonomy":"post_tag","embeddable":true,"href":"https:\/\/archive.sana.sy\/tr\/index.php?rest_route=%2Fwp%2Fv2%2Ftags&post=65787"}],"curies":[{"name":"wp","href":"https:\/\/api.w.org\/{rel}","templated":true}]}}