{"id":65794,"date":"2016-03-21T19:33:55","date_gmt":"2016-03-21T17:33:55","guid":{"rendered":"http:\/\/sana.sy\/tr\/?p=65794"},"modified":"2016-03-22T16:55:50","modified_gmt":"2016-03-22T14:55:50","slug":"bu-fedakarliga-es-yegane-sey-vatanin-selametidir","status":"publish","type":"post","link":"https:\/\/archive.sana.sy\/tr\/?p=65794","title":{"rendered":"Vatan\u0131n Sa\u011fl\u0131\u011f\u0131na D\u00f6nmesi Ac\u0131lar\u0131m\u0131z\u0131 Hafifletecek (video)"},"content":{"rendered":"<p>\u015eAM \u2013 Cumhurba\u015fkan\u0131 Be\u015f\u015far el Esad ve e\u015fi Esma Han\u0131m bug\u00fcn 21 Mart Anneler G\u00fcn\u00fc m\u00fcnasebetiyle vatan onuru ve egemenli\u011fini d\u00fc\u015fmanc\u0131 planlara ve d\u0131\u015f destekli ter\u00f6re kar\u015f\u0131 savunurlarken yaralanan bir dizi yaral\u0131 askeri bir k\u0131sm\u0131n\u0131n anneleriyle birlikte kabul etti.<\/p>\n<p><a href=\"http:\/\/sana.sy\/tr\/wp-content\/uploads\/2016\/03\/02-1.jpg\"><img loading=\"lazy\" decoding=\"async\" class=\"alignright wp-image-65817 size-medium\" src=\"http:\/\/sana.sy\/tr\/wp-content\/uploads\/2016\/03\/02-1-300x200.jpg\" alt=\"02\" width=\"300\" height=\"200\" srcset=\"https:\/\/archive.sana.sy\/tr\/wp-content\/uploads\/2016\/03\/02-1-300x200.jpg 300w, https:\/\/archive.sana.sy\/tr\/wp-content\/uploads\/2016\/03\/02-1-150x100.jpg 150w, https:\/\/archive.sana.sy\/tr\/wp-content\/uploads\/2016\/03\/02-1-768x511.jpg 768w, https:\/\/archive.sana.sy\/tr\/wp-content\/uploads\/2016\/03\/02-1-1024x681.jpg 1024w\" sizes=\"auto, (max-width: 300px) 100vw, 300px\" \/><\/a>Vatan\u0131 savunmada yaralananlar\u0131n yeniden topluma kazand\u0131r\u0131lmalar\u0131, haklar\u0131n\u0131n korunmas\u0131 ve desteklenmeleri amac\u0131yla \u2018Vatan Yaral\u0131lar\u0131\u2019 ad\u0131 alt\u0131nda ba\u015flat\u0131lan program\u0131n birinci y\u0131ld\u00f6n\u00fcm\u00fc m\u00fcnasebetiyle d\u00fczenlenen etkinlikte el Esad; \u2018bizler g\u00fcc\u00fcm\u00fcz\u00fc kahramanlardan, sizlerden, sizlerin m\u00fccadelenizden ve y\u00fcksek morallerinizden al\u0131yoruz. Sizlerle, annelerinizle, e\u015fleriniz, karde\u015fleriniz ve yak\u0131nlar\u0131n\u0131zla birlikte olmak bizlere g\u00fc\u00e7, mutluluk ve onur vermektedir. Bizlere gelebilmeniz bizleri \u00e7ok \u00e7ok utlu etti. Gerek g\u00fcvenlik ko\u015fullar\u0131 gerekse ki\u015fisel zorluklara ra\u011fmen uzaklardan bize gelmenizde ya\u015fad\u0131\u011f\u0131n\u0131z zorluklar\u0131 da takdirle kar\u015f\u0131l\u0131yoruz..\u201d ifadesini kulland\u0131.<\/p>\n<p>S\u00f6zlerine devam eden el Esad; Anneler G\u00fcn\u00fcn\u00fcn normalde k\u00fc\u00e7\u00fck aile i\u00e7inde annelerin \u00f6d\u00fcllendirildi\u011fi bir m\u00fcnasebet oldu\u011funu s\u00f6yledi. El Esad fakat Suriye&#8217;nin be\u015f y\u0131ld\u0131r ya\u015fad\u0131\u011f\u0131 ter\u00f6r sava\u015f\u0131 Suriye ve Suriyelilerin bir\u00e7ok kavram\u0131n\u0131n de\u011fi\u015fti\u011fini, m\u00fcnasebetlerini daha farkl\u0131 bir \u015fekilde kutlad\u0131klar\u0131na dikkat \u00e7ekti. El Esad t\u00fcm ya\u015fananlardan sonra bu gibi m\u00fcnasebetlerin kahramanl\u0131k, cesaret ve fedakarl\u0131\u011f\u0131n m\u00fcnasebetleri oldu\u011funa i\u015faret etti. Kahramanl\u0131k ve fedakarl\u0131\u011f\u0131n insan\u0131n ya\u015fad\u0131\u011f\u0131 \u00e7evreye ba\u011fl\u0131 oldu\u011funu ifade eden el Esad; Suriyeli annelerin de evlatlar\u0131n\u0131 vatan sevgisiyle yeti\u015ftirdiklerini, vatan u\u011fruna fedakarl\u0131\u011f\u0131n kahramanl\u0131\u011f\u0131n kendisi oldu\u011funu \u00f6\u011frettiklerini belirtti.<\/p>\n<p><a href=\"http:\/\/sana.sy\/tr\/wp-content\/uploads\/2016\/03\/03.jpg\"><img loading=\"lazy\" decoding=\"async\" class=\"alignright wp-image-65818 size-medium\" src=\"http:\/\/sana.sy\/tr\/wp-content\/uploads\/2016\/03\/03-300x200.jpg\" alt=\"03\" width=\"300\" height=\"200\" srcset=\"https:\/\/archive.sana.sy\/tr\/wp-content\/uploads\/2016\/03\/03-300x200.jpg 300w, https:\/\/archive.sana.sy\/tr\/wp-content\/uploads\/2016\/03\/03-150x100.jpg 150w, https:\/\/archive.sana.sy\/tr\/wp-content\/uploads\/2016\/03\/03-768x511.jpg 768w, https:\/\/archive.sana.sy\/tr\/wp-content\/uploads\/2016\/03\/03-1024x681.jpg 1024w\" sizes=\"auto, (max-width: 300px) 100vw, 300px\" \/><\/a>El Esad Vatan u\u011fruna canlar\u0131n\u0131 ve kanlar\u0131n\u0131 feda eden kahramanlar\u0131n, insani, ahlaki ve vatani meselelerde herkes i\u00e7in temel bir \u00f6rnek olu\u015fturduklar\u0131n\u0131n alt\u0131n\u0131 \u00e7izdi. Vatan u\u011fruna fedakarl\u0131kta bulunan ya da onlarla birlikte olanlara \u00f6nem vermenin vatana \u00f6nem verme niteli\u011finde oldu\u011funu belirten el Esad; bir k\u0131s\u0131m ailelerin temelde zor ko\u015fullar i\u00e7inde ya\u015famalar\u0131na ra\u011fmen vatan\u0131 savunmak i\u00e7in b\u00fcy\u00fck bir azimle harekete ge\u00e7melerinin b\u00fcy\u00fck bir takdire \u015fayan oldu\u011funu s\u00f6yledi.<\/p>\n<p>Suriyelilerin muhtelif \u015fekillerde vatan\u0131 savunduklar\u0131na i\u015faret eden el Esad; silah ta\u015f\u0131ma g\u00fcc\u00fc ya da olana\u011f\u0131na sahip olmayanlar\u0131n da maddi ve manevi destekte bulunduklar\u0131na dikkat \u00e7ekti.<\/p>\n<p>El Esad \u2018Vatan Yaral\u0131s\u0131\u2019 ad\u0131 alt\u0131nda faaliyet g\u00f6steren program kapsam\u0131nda yaral\u0131lar\u0131n sa\u011fl\u0131kl\u0131 bir ya\u015famla hayatlar\u0131na devam etmeleri amac\u0131yla bulundu\u011fu \u00e7abalara i\u015faret etti. Yaral\u0131lar\u0131n yeniden topluma kazand\u0131r\u0131lmalar\u0131 \u00e7al\u0131\u015fmalar\u0131nda bulundu\u011funu ifade eden el Esad; ya\u015fam\u0131n\u0131 kolayla\u015ft\u0131rma amac\u0131yla da bir k\u0131s\u0131m yaral\u0131lara protez tak\u0131ld\u0131\u011f\u0131n\u0131 ifade etti.<\/p>\n<p><a href=\"http:\/\/sana.sy\/tr\/wp-content\/uploads\/2016\/03\/01-1.jpg\"><img loading=\"lazy\" decoding=\"async\" class=\"alignright wp-image-65816 size-medium\" src=\"http:\/\/sana.sy\/tr\/wp-content\/uploads\/2016\/03\/01-1-300x159.jpg\" alt=\"01\" width=\"300\" height=\"159\" srcset=\"https:\/\/archive.sana.sy\/tr\/wp-content\/uploads\/2016\/03\/01-1-300x159.jpg 300w, https:\/\/archive.sana.sy\/tr\/wp-content\/uploads\/2016\/03\/01-1-150x79.jpg 150w, https:\/\/archive.sana.sy\/tr\/wp-content\/uploads\/2016\/03\/01-1-768x406.jpg 768w, https:\/\/archive.sana.sy\/tr\/wp-content\/uploads\/2016\/03\/01-1-1024x541.jpg 1024w, https:\/\/archive.sana.sy\/tr\/wp-content\/uploads\/2016\/03\/01-1-310x165.jpg 310w\" sizes=\"auto, (max-width: 300px) 100vw, 300px\" \/><\/a>El Esad manevi kay\u0131plar\u0131n maddi \u015feylerle telafi edilemeyece\u011fini, yaral\u0131lara ya da \u015fehitlere verilen \u00f6nem ya da sa\u011flanan hizmetlerle de telafi edilemeyece\u011fini ifade ederken, bu \u00e7al\u0131\u015fmalardan amac\u0131n destek ve yard\u0131mlarla vatani, ahlaki ve insani g\u00f6revi yerine getirmek oldu\u011funu s\u00f6zlerine ekledi.<\/p>\n<p>El Esad \u201cgerek canla, gerek sa\u011fl\u0131kla gerekse kanlarla vatan u\u011fruna bulundu\u011funuz fedakarl\u0131klara e\u015f yegane \u015fey, vatan\u0131n selametidir..\u201d ifadesini kulland\u0131. Vatan\u0131n yeniden sa\u011fl\u0131\u011f\u0131na kavu\u015fmas\u0131yla t\u00fcm yaralar\u0131n sar\u0131laca\u011f\u0131na i\u015faret eden el Esad; o zaman herkesin de kendini sa\u011fl\u0131kl\u0131 ve tam hissedece\u011fini s\u00f6yledi.<\/p>\n<p>S\u00f6zlerine devam eden el Esad; vatan\u0131n sa\u011fl\u0131\u011f\u0131na kavu\u015fmas\u0131 ve d\u00fc\u015fman\u0131 hezimete u\u011fratmas\u0131yla \u015fehit annelerinin de evlatlar\u0131n\u0131n ac\u0131s\u0131n\u0131 telafi edeceklerini ve evlatlar\u0131yla onur duyacaklar\u0131n\u0131 ifade etti.<\/p>\n<p>https:\/\/www.youtube.com\/watch?v=wAjiYTUs9wo<\/p>\n","protected":false},"excerpt":{"rendered":"<p>\u015eAM \u2013 Cumhurba\u015fkan\u0131 Be\u015f\u015far el Esad ve e\u015fi Esma Han\u0131m bug\u00fcn 21 Mart Anneler G\u00fcn\u00fc m\u00fcnasebetiyle vatan onuru ve egemenli\u011fini d\u00fc\u015fmanc\u0131 planlara ve d\u0131\u015f destekli ter\u00f6re kar\u015f\u0131 savunurlarken yaralanan bir dizi yaral\u0131 askeri bir k\u0131sm\u0131n\u0131n anneleriyle birlikte kabul etti. Vatan\u0131 savunmada yaralananlar\u0131n yeniden topluma kazand\u0131r\u0131lmalar\u0131, haklar\u0131n\u0131n korunmas\u0131 ve desteklenmeleri amac\u0131yla \u2018Vatan Yaral\u0131lar\u0131\u2019 ad\u0131 alt\u0131nda ba\u015flat\u0131lan &hellip;<\/p>\n","protected":false},"author":1,"featured_media":65811,"comment_status":"closed","ping_status":"closed","sticky":false,"template":"","format":"standard","meta":{"footnotes":""},"categories":[608,479,605,17988,478],"tags":[19960,19968,18675,19959,19969],"class_list":["post-65794","post","type-post","status-publish","format-standard","has-post-thumbnail","","category-etkinlikler","category-haberler-yerel","category-sayin-cumhurbaskani","category-son-haberler","category-yerel","tag-anneler-gunu","tag-bessar-esad","tag-esma-el-esad","tag-sehit-anneleri","tag-yarali-askerler"],"_links":{"self":[{"href":"https:\/\/archive.sana.sy\/tr\/index.php?rest_route=\/wp\/v2\/posts\/65794","targetHints":{"allow":["GET"]}}],"collection":[{"href":"https:\/\/archive.sana.sy\/tr\/index.php?rest_route=\/wp\/v2\/posts"}],"about":[{"href":"https:\/\/archive.sana.sy\/tr\/index.php?rest_route=\/wp\/v2\/types\/post"}],"author":[{"embeddable":true,"href":"https:\/\/archive.sana.sy\/tr\/index.php?rest_route=\/wp\/v2\/users\/1"}],"replies":[{"embeddable":true,"href":"https:\/\/archive.sana.sy\/tr\/index.php?rest_route=%2Fwp%2Fv2%2Fcomments&post=65794"}],"version-history":[{"count":0,"href":"https:\/\/archive.sana.sy\/tr\/index.php?rest_route=\/wp\/v2\/posts\/65794\/revisions"}],"wp:featuredmedia":[{"embeddable":true,"href":"https:\/\/archive.sana.sy\/tr\/index.php?rest_route=\/wp\/v2\/media\/65811"}],"wp:attachment":[{"href":"https:\/\/archive.sana.sy\/tr\/index.php?rest_route=%2Fwp%2Fv2%2Fmedia&parent=65794"}],"wp:term":[{"taxonomy":"category","embeddable":true,"href":"https:\/\/archive.sana.sy\/tr\/index.php?rest_route=%2Fwp%2Fv2%2Fcategories&post=65794"},{"taxonomy":"post_tag","embeddable":true,"href":"https:\/\/archive.sana.sy\/tr\/index.php?rest_route=%2Fwp%2Fv2%2Ftags&post=65794"}],"curies":[{"name":"wp","href":"https:\/\/api.w.org\/{rel}","templated":true}]}}