{"id":6580,"date":"2014-08-05T23:13:06","date_gmt":"2014-08-05T20:13:06","guid":{"rendered":"http:\/\/www.sana.sy\/tr\/?p=6580"},"modified":"2014-08-05T23:13:06","modified_gmt":"2014-08-05T20:13:06","slug":"lavrov-washingtonun-elinde-ustunde-calisilmis-bir-strateji-bulunmamaktadir","status":"publish","type":"post","link":"https:\/\/archive.sana.sy\/tr\/?p=6580","title":{"rendered":"Lavrov: Washington\u2019un Elinde \u00dcst\u00fcnde \u00c7al\u0131\u015f\u0131lm\u0131\u015f Bir Strateji Bulunmamaktad\u0131r"},"content":{"rendered":"<p>MOSKOVA \u2013 Rusya D\u0131\u015fi\u015fleri Bakan\u0131 Sergey Lavrov, ABD\u2019nin Ortado\u011fu b\u00f6lgesindeki davran\u0131\u015flar\u0131n\u0131 ele\u015ftirerek bu davran\u0131\u015flar\u0131n Washington\u2019un elinde \u00fczerinde \u00e7al\u0131\u015f\u0131lm\u0131\u015f bir strateji bulunmad\u0131\u011f\u0131n\u0131 ifade etti.<\/p>\n<p>Rusyal\u0131 ITAR TASS Haber Ajans\u0131na d\u00fcn bir deme\u00e7 veren Lavrov; Suriye&#8217;de \u00e7\u00f6z\u00fcm ufkuna yak\u0131nla\u015fmaya ili\u015fkin sorulan soruya cevaben, \u00e7\u00f6z\u00fcm\u00fcn daha yak\u0131n oldu\u011funu ancak ne yaz\u0131k ki ya\u015fanmakta olan krizin \u00e7ok can ald\u0131\u011f\u0131n\u0131 ve s\u0131n\u0131rlar\u0131 a\u015fan bir krize d\u00f6n\u00fc\u015ft\u00fc\u011f\u00fcn\u00fc dile getirdi.<\/p>\n<p>\u201cIrak ve \u015eam\u2019da \u0130slam Devleti\u201d isimli ter\u00f6r \u00f6rg\u00fct\u00fcn\u00fcn sadece Suriye&#8217;de de\u011fil Irak\u2019da da bir\u00e7ok b\u00f6lgede kontrol\u00fc ele ald\u0131\u011f\u0131na i\u015faret eden Lavrov; daha \u00f6nce Suriye s\u0131n\u0131rlar\u0131 i\u00e7erisinde bulunan bu ter\u00f6ristlerin Bat\u0131l\u0131lar\u0131n nazar\u0131nda Suriye y\u00f6netimine kar\u015f\u0131 sava\u015fan g\u00fc\u00e7ler olup Rusya\u2019n\u0131n defalarca bu ter\u00f6ristlerin tehlikesine dikkat \u00e7ekti\u011fini hat\u0131rlatt\u0131.<\/p>\n<p>Irak ve \u015eam\u2019da \u0130slam Devleti ter\u00f6r \u00f6rg\u00fct\u00fcn\u00fcn bug\u00fcn geldi\u011fi noktada Washington\u2019u bir panik ald\u0131\u011f\u0131na de\u011finen Lavrov; bu pani\u011fin, Washington\u2019un elinde \u00fcst\u00fcnde \u00e7al\u0131\u015f\u0131lm\u0131\u015f bir strateji bulunmad\u0131\u011f\u0131n\u0131n bir kan\u0131t\u0131 oldu\u011funu ibraz etti.<\/p>\n","protected":false},"excerpt":{"rendered":"<p>MOSKOVA \u2013 Rusya D\u0131\u015fi\u015fleri Bakan\u0131 Sergey Lavrov, ABD\u2019nin Ortado\u011fu b\u00f6lgesindeki davran\u0131\u015flar\u0131n\u0131 ele\u015ftirerek bu davran\u0131\u015flar\u0131n Washington\u2019un elinde \u00fczerinde \u00e7al\u0131\u015f\u0131lm\u0131\u015f bir strateji bulunmad\u0131\u011f\u0131n\u0131 ifade etti. Rusyal\u0131 ITAR TASS Haber Ajans\u0131na d\u00fcn bir deme\u00e7 veren Lavrov; Suriye&#8217;de \u00e7\u00f6z\u00fcm ufkuna yak\u0131nla\u015fmaya ili\u015fkin sorulan soruya cevaben, \u00e7\u00f6z\u00fcm\u00fcn daha yak\u0131n oldu\u011funu ancak ne yaz\u0131k ki ya\u015fanmakta olan krizin \u00e7ok can ald\u0131\u011f\u0131n\u0131 &hellip;<\/p>\n","protected":false},"author":1,"featured_media":6575,"comment_status":"closed","ping_status":"closed","sticky":false,"template":"","format":"standard","meta":{"footnotes":""},"categories":[458,459,447,584],"tags":[1468],"class_list":["post-6580","post","type-post","status-publish","format-standard","has-post-thumbnail","","category-dunya1","category-haberler-arap-uluslararasi-politika","category-politika","category-yurtdisinda-sana-ofisleri","tag-lavrov-washingtonun-elinde-ustunde-calisilmis-bir-strateji-bulunmamaktadir"],"_links":{"self":[{"href":"https:\/\/archive.sana.sy\/tr\/index.php?rest_route=\/wp\/v2\/posts\/6580","targetHints":{"allow":["GET"]}}],"collection":[{"href":"https:\/\/archive.sana.sy\/tr\/index.php?rest_route=\/wp\/v2\/posts"}],"about":[{"href":"https:\/\/archive.sana.sy\/tr\/index.php?rest_route=\/wp\/v2\/types\/post"}],"author":[{"embeddable":true,"href":"https:\/\/archive.sana.sy\/tr\/index.php?rest_route=\/wp\/v2\/users\/1"}],"replies":[{"embeddable":true,"href":"https:\/\/archive.sana.sy\/tr\/index.php?rest_route=%2Fwp%2Fv2%2Fcomments&post=6580"}],"version-history":[{"count":0,"href":"https:\/\/archive.sana.sy\/tr\/index.php?rest_route=\/wp\/v2\/posts\/6580\/revisions"}],"wp:featuredmedia":[{"embeddable":true,"href":"https:\/\/archive.sana.sy\/tr\/index.php?rest_route=\/wp\/v2\/media\/6575"}],"wp:attachment":[{"href":"https:\/\/archive.sana.sy\/tr\/index.php?rest_route=%2Fwp%2Fv2%2Fmedia&parent=6580"}],"wp:term":[{"taxonomy":"category","embeddable":true,"href":"https:\/\/archive.sana.sy\/tr\/index.php?rest_route=%2Fwp%2Fv2%2Fcategories&post=6580"},{"taxonomy":"post_tag","embeddable":true,"href":"https:\/\/archive.sana.sy\/tr\/index.php?rest_route=%2Fwp%2Fv2%2Ftags&post=6580"}],"curies":[{"name":"wp","href":"https:\/\/api.w.org\/{rel}","templated":true}]}}