{"id":65800,"date":"2016-03-21T14:06:58","date_gmt":"2016-03-21T12:06:58","guid":{"rendered":"http:\/\/sana.sy\/tr\/?p=65800"},"modified":"2016-03-21T14:38:24","modified_gmt":"2016-03-21T12:38:24","slug":"el-esad-yarali-askerler-ve-annelerini-kabulunde-yaptigi-konusmada-gerek-canla-gerek-saglikla-gerekse-kanlarla-vatan-ugruna-bulundugunuz-fedakarliklara-es-yegane-sey-vatanin-selametidir","status":"publish","type":"post","link":"https:\/\/archive.sana.sy\/tr\/?p=65800","title":{"rendered":"El Esad yaral\u0131 askerler ve annelerini kabul\u00fcnde yapt\u0131\u011f\u0131 konu\u015fmada; \u201cgerek canla, gerek sa\u011fl\u0131kla gerekse kanlarla vatan u\u011fruna bulundu\u011funuz fedakarl\u0131klara e\u015f yegane \u015fey, vatan\u0131n selametidir..\u201d ifadesini kulland\u0131."},"content":{"rendered":"<p>El Esad yaral\u0131 askerler ve annelerini kabul\u00fcnde yapt\u0131\u011f\u0131 konu\u015fmada; \u201cgerek canla, gerek sa\u011fl\u0131kla gerekse kanlarla vatan u\u011fruna bulundu\u011funuz fedakarl\u0131klara e\u015f yegane \u015fey, vatan\u0131n selametidir..\u201d ifadesini kulland\u0131.<\/p>\n","protected":false},"excerpt":{"rendered":"<p>El Esad yaral\u0131 askerler ve annelerini kabul\u00fcnde yapt\u0131\u011f\u0131 konu\u015fmada; \u201cgerek canla, gerek sa\u011fl\u0131kla gerekse kanlarla vatan u\u011fruna bulundu\u011funuz fedakarl\u0131klara e\u015f yegane \u015fey, vatan\u0131n selametidir..\u201d ifadesini kulland\u0131.<\/p>\n","protected":false},"author":1,"featured_media":0,"comment_status":"closed","ping_status":"closed","sticky":false,"template":"","format":"standard","meta":{"footnotes":""},"categories":[17991],"tags":[],"class_list":["post-65800","post","type-post","status-publish","format-standard","","category-son-dakika"],"_links":{"self":[{"href":"https:\/\/archive.sana.sy\/tr\/index.php?rest_route=\/wp\/v2\/posts\/65800","targetHints":{"allow":["GET"]}}],"collection":[{"href":"https:\/\/archive.sana.sy\/tr\/index.php?rest_route=\/wp\/v2\/posts"}],"about":[{"href":"https:\/\/archive.sana.sy\/tr\/index.php?rest_route=\/wp\/v2\/types\/post"}],"author":[{"embeddable":true,"href":"https:\/\/archive.sana.sy\/tr\/index.php?rest_route=\/wp\/v2\/users\/1"}],"replies":[{"embeddable":true,"href":"https:\/\/archive.sana.sy\/tr\/index.php?rest_route=%2Fwp%2Fv2%2Fcomments&post=65800"}],"version-history":[{"count":0,"href":"https:\/\/archive.sana.sy\/tr\/index.php?rest_route=\/wp\/v2\/posts\/65800\/revisions"}],"wp:attachment":[{"href":"https:\/\/archive.sana.sy\/tr\/index.php?rest_route=%2Fwp%2Fv2%2Fmedia&parent=65800"}],"wp:term":[{"taxonomy":"category","embeddable":true,"href":"https:\/\/archive.sana.sy\/tr\/index.php?rest_route=%2Fwp%2Fv2%2Fcategories&post=65800"},{"taxonomy":"post_tag","embeddable":true,"href":"https:\/\/archive.sana.sy\/tr\/index.php?rest_route=%2Fwp%2Fv2%2Ftags&post=65800"}],"curies":[{"name":"wp","href":"https:\/\/api.w.org\/{rel}","templated":true}]}}